{"id":703,"date":"2022-09-13T02:51:23","date_gmt":"2022-09-13T02:51:23","guid":{"rendered":"http:\/\/revistalaneta.com.mx\/?p=703"},"modified":"2022-09-13T02:51:28","modified_gmt":"2022-09-13T02:51:28","slug":"invita-gobierno-municipal-a-celebrar-el-grito-de-independencia","status":"publish","type":"post","link":"http:\/\/revistalaneta.com.mx\/?p=703","title":{"rendered":"Invita Gobierno Municipal a celebrar el Grito de Independencia"},"content":{"rendered":"\n<p><\/p>\n\n\n\n<p>Nuevo Laredo, Tamps.- El Gobierno Municipal celebrar\u00e1 el 212 aniversario de la Independencia de M\u00e9xico con la ceremonia del Grito y otras actividades como un concierto, desfile, verbena popular, m\u00fasica en vivo y m\u00e1s sorpresas que acent\u00faan el orgullo de ser mexicano.<\/p>\n\n\n\n<p>La alcaldesa Carmen Lilia Canturosas Villarreal, anunci\u00f3 en la plataforma de Nuevo Laredo Comunica, que la ceremonia del Grito se realizar\u00e1 el jueves 15 en la Explanada de la Independencia frente al Palacio Federal a partir de las 7:00 PM.<\/p>\n\n\n\n<p>\u201cDespu\u00e9s de 2 a\u00f1os sin poder realizar estas fiestas a causa de la pandemia, las familias neolaredenses podr\u00e1n disfrutar de un concierto para celebrar esta tradici\u00f3n mexicana, en el Gobierno Municipal trabajamos para que la poblaci\u00f3n cuente con las condiciones id\u00f3neas y disfrute este tipo de eventos\u201d, recalc\u00f3.<\/p>\n\n\n\n<p>Los artistas que deleitar\u00e1n a los neolaredenses durante el concierto de Independencia son: Yuri, Bobby Pulido y El Pega Pega de Emilio Reyna, en el escenario que ser\u00e1 colocado sobre la calle Gonz\u00e1lez frente a la explanada.<\/p>\n\n\n\n<p>La directora de Relaciones P\u00fablicas, Samantha Rodr\u00edguez Cant\u00fa, detall\u00f3 el itinerario de la ceremonia del Grito y mencion\u00f3 que ser\u00e1 un evento 100% familiar.<\/p>\n\n\n\n<p>\u201cEstamos trabajando en coordinaci\u00f3n con todas las direcciones del Municipio para que el concierto se lleve a cabo de la mejor manera, los esperamos con m\u00fasica en vivo, antojitos mexicanos, show de pirotecnia y m\u00e1s actividades para que disfruten chicos y adultos\u201d, expres\u00f3.<\/p>\n\n\n\n<p>Exhort\u00f3 a los ciudadanos a utilizar cubrebocas durante el festejo, de acuerdo a las medidas sanitarias ante el Covid-19.<\/p>\n\n\n\n<p>Por otra parte, el viernes 16 de septiembre, desde las 8:30 am se llevar\u00e1 a cabo el Desfile de la Independencia, en el que participar\u00e1n 46 instituciones educativas, una actividad que tambi\u00e9n se reanuda despu\u00e9s del confinamiento ocasionado por el Covid-19; iniciar\u00e1 el recorrido en la Plaza Hidalgo y terminar\u00e1 en la calle Venezuela.<\/p>\n\n\n\n<p>La Direcci\u00f3n de Tr\u00e1nsito y Vialidad comunic\u00f3 que para los eventos del concierto y desfile, diversas calles permanecer\u00e1n cerradas, por lo que exhortan a la ciudadan\u00eda tomar v\u00edas alternas y destinar\u00e1 alrededor de 20 elementos operativos para agilizar y orientar el flujo automovil\u00edstico.<\/p>\n\n\n\n<p>Por \u00faltimo, los Dos Laredos se unen para conformar la Carrera Binacional de la Independencia el s\u00e1bado 17 a las 6:00 PM, un trayecto que tendr\u00e1 como punto de partida la Plaza San Agust\u00edn de Laredo, Texas y terminar\u00e1 en la Plaza Ju\u00e1rez de Nuevo Laredo, en la meta estar\u00e1 presente una verbena y m\u00fasica en vivo para el disfrute de los ciudadanos fronterizos.<\/p>\n","protected":false},"excerpt":{"rendered":"<p>Nuevo Laredo, Tamps.- El Gobierno Municipal celebrar\u00e1 el 212 aniversario de la Independencia de M\u00e9xico con la ceremonia del Grito y otras actividades como un concierto, desfile, verbena popular, m\u00fasica &hellip; <a href=\"http:\/\/revistalaneta.com.mx\/?p=703\" class=\"more-link\">Leer m\u00e1s<\/a><\/p>\n","protected":false},"author":1,"featured_media":0,"comment_status":"open","ping_status":"open","sticky":false,"template":"","format":"standard","meta":{"footnotes":""},"categories":[6],"tags":[],"class_list":["post-703","post","type-post","status-publish","format-standard","hentry","category-destacado","entry"],"_links":{"self":[{"href":"http:\/\/revistalaneta.com.mx\/index.php?rest_route=\/wp\/v2\/posts\/703","targetHints":{"allow":["GET"]}}],"collection":[{"href":"http:\/\/revistalaneta.com.mx\/index.php?rest_route=\/wp\/v2\/posts"}],"about":[{"href":"http:\/\/revistalaneta.com.mx\/index.php?rest_route=\/wp\/v2\/types\/post"}],"author":[{"embeddable":true,"href":"http:\/\/revistalaneta.com.mx\/index.php?rest_route=\/wp\/v2\/users\/1"}],"replies":[{"embeddable":true,"href":"http:\/\/revistalaneta.com.mx\/index.php?rest_route=%2Fwp%2Fv2%2Fcomments&post=703"}],"version-history":[{"count":1,"href":"http:\/\/revistalaneta.com.mx\/index.php?rest_route=\/wp\/v2\/posts\/703\/revisions"}],"predecessor-version":[{"id":704,"href":"http:\/\/revistalaneta.com.mx\/index.php?rest_route=\/wp\/v2\/posts\/703\/revisions\/704"}],"wp:attachment":[{"href":"http:\/\/revistalaneta.com.mx\/index.php?rest_route=%2Fwp%2Fv2%2Fmedia&parent=703"}],"wp:term":[{"taxonomy":"category","embeddable":true,"href":"http:\/\/revistalaneta.com.mx\/index.php?rest_route=%2Fwp%2Fv2%2Fcategories&post=703"},{"taxonomy":"post_tag","embeddable":true,"href":"http:\/\/revistalaneta.com.mx\/index.php?rest_route=%2Fwp%2Fv2%2Ftags&post=703"}],"curies":[{"name":"wp","href":"https:\/\/api.w.org\/{rel}","templated":true}]}}