{"id":7053,"date":"2023-08-23T12:05:56","date_gmt":"2023-08-23T12:05:56","guid":{"rendered":"http:\/\/revistalaneta.com.mx\/?p=7053"},"modified":"2023-08-23T12:06:11","modified_gmt":"2023-08-23T12:06:11","slug":"ofrece-sistema-dif-espacios-disponibles-en-guarderias-y-preescolar","status":"publish","type":"post","link":"http:\/\/revistalaneta.com.mx\/?p=7053","title":{"rendered":"Ofrece Sistema DIF espacios disponibles en guarder\u00edas y preescolar"},"content":{"rendered":"\n<p><\/p>\n\n\n\n<p>Nuevo Laredo, Tamps.- Para apoyar a las madres trabajadores, el Sistema para el Desarrollo Integral de la Familia (DIF) de Nuevo Laredo ofrece espacios disponibles en las guarder\u00edas ubicadas en las colonias Constitucional, Lomas del R\u00edo y Encinos.<\/p>\n\n\n\n<p>Los centros cuentan con: enfermer\u00eda, cocina, \u00e1reas verdes , ba\u00f1os para infantes y salones adecuados para cada grupo de menores, atendidos por personal que recibe una capacitaci\u00f3n constante.<\/p>\n\n\n\n<p>El horario de atenci\u00f3n es de 8:00 am a 3:00 pm,las madres de familia trabajadoras interesadas en el servicio, pueden acudir del 21 al 25 de agosto para inscribir a sus hijas o hijos a partir de 1 a\u00f1o de edad.<\/p>\n\n\n\n<p>Adem\u00e1s, los menores a partir de los 3 a\u00f1os pueden formar parte del programa de Centros de Asistencia Infantil Comunitarios (CAIC) y cursar en el mismo centro el primer grado de preescolar.<\/p>\n\n\n\n<p>El director general del DIF, Jos\u00e9 Luis Pintado Gamboa, invit\u00f3 a la ciudadan\u00eda que lo necesite a que se acerque a recibir este apoyo.<\/p>\n\n\n\n<p>\u201cEn los Centros del DIF se atiende a los menores con preparacion, amor y cuidado para acompa\u00f1arlos en cada etapa y que las mam\u00e1s de las ni\u00f1as y ni\u00f1os puedan trabajar para darle una mejor calidad de vida a su familia\u201d coment\u00f3 Pintado Gamboa<\/p>\n\n\n\n<p>Agreg\u00f3 que el Sistema DIF cuenta con 8 centros de atenci\u00f3n infantil que apoyan a las familias neolaredenses brindando estancia infantil o preescolar a los menores.<\/p>\n\n\n\n<p>La oferta educativa disponible se encuentra en: Lomas del R\u00edo ubicada en Cresp\u00f3n y L\u00edmite Sur en la colonia Lomas del R\u00edo, CADI situada en Art\u00edculo 26 y Privada Haciendas Echegaray en la colonia Constitucional y en \u201cMundo de Colores\u201d en prolongaci\u00f3n Lago de Xochimilco 5426 en la colonia Los Encinos.<\/p>\n\n\n\n<p>Para mayores informes sobre los requisitos para la inscripci\u00f3n los interesados deber\u00e1n comunicarse a los n\u00fameros 867-115-8359, 867-148-5086 y al 867-148-3849 o acudir personalmente a la ubicaci\u00f3n del plantel de su preferencia.<\/p>\n","protected":false},"excerpt":{"rendered":"<p>Nuevo Laredo, Tamps.- Para apoyar a las madres trabajadores, el Sistema para el Desarrollo Integral de la Familia (DIF) de Nuevo Laredo ofrece espacios disponibles en las guarder\u00edas ubicadas en &hellip; <a href=\"http:\/\/revistalaneta.com.mx\/?p=7053\" class=\"more-link\">Leer m\u00e1s<\/a><\/p>\n","protected":false},"author":1,"featured_media":7052,"comment_status":"open","ping_status":"open","sticky":false,"template":"","format":"standard","meta":{"footnotes":""},"categories":[4],"tags":[],"class_list":["post-7053","post","type-post","status-publish","format-standard","has-post-thumbnail","hentry","category-nuevo-laredo","entry"],"_links":{"self":[{"href":"http:\/\/revistalaneta.com.mx\/index.php?rest_route=\/wp\/v2\/posts\/7053","targetHints":{"allow":["GET"]}}],"collection":[{"href":"http:\/\/revistalaneta.com.mx\/index.php?rest_route=\/wp\/v2\/posts"}],"about":[{"href":"http:\/\/revistalaneta.com.mx\/index.php?rest_route=\/wp\/v2\/types\/post"}],"author":[{"embeddable":true,"href":"http:\/\/revistalaneta.com.mx\/index.php?rest_route=\/wp\/v2\/users\/1"}],"replies":[{"embeddable":true,"href":"http:\/\/revistalaneta.com.mx\/index.php?rest_route=%2Fwp%2Fv2%2Fcomments&post=7053"}],"version-history":[{"count":1,"href":"http:\/\/revistalaneta.com.mx\/index.php?rest_route=\/wp\/v2\/posts\/7053\/revisions"}],"predecessor-version":[{"id":7054,"href":"http:\/\/revistalaneta.com.mx\/index.php?rest_route=\/wp\/v2\/posts\/7053\/revisions\/7054"}],"wp:featuredmedia":[{"embeddable":true,"href":"http:\/\/revistalaneta.com.mx\/index.php?rest_route=\/wp\/v2\/media\/7052"}],"wp:attachment":[{"href":"http:\/\/revistalaneta.com.mx\/index.php?rest_route=%2Fwp%2Fv2%2Fmedia&parent=7053"}],"wp:term":[{"taxonomy":"category","embeddable":true,"href":"http:\/\/revistalaneta.com.mx\/index.php?rest_route=%2Fwp%2Fv2%2Fcategories&post=7053"},{"taxonomy":"post_tag","embeddable":true,"href":"http:\/\/revistalaneta.com.mx\/index.php?rest_route=%2Fwp%2Fv2%2Ftags&post=7053"}],"curies":[{"name":"wp","href":"https:\/\/api.w.org\/{rel}","templated":true}]}}