{"id":7062,"date":"2023-08-24T11:50:55","date_gmt":"2023-08-24T11:50:55","guid":{"rendered":"http:\/\/revistalaneta.com.mx\/?p=7062"},"modified":"2023-08-24T11:51:17","modified_gmt":"2023-08-24T11:51:17","slug":"gobierno-de-tamaulipas-atiende-y-enfrenta-problemas-de-seguridad-voceria","status":"publish","type":"post","link":"http:\/\/revistalaneta.com.mx\/?p=7062","title":{"rendered":"Gobierno de Tamaulipas atiende y enfrenta problemas de seguridad: Vocer\u00eda"},"content":{"rendered":"\n<p><\/p>\n\n\n\n<ul class=\"wp-block-list\">\n<li>Julio, el mes con menor incidencia delictiva de los \u00faltimos seis a\u00f1os<\/li>\n<\/ul>\n\n\n\n<p>Ciudad Victoria, Tamaulipas. -El Gobierno de Tamaulipas atiende y enfrenta los problemas que se registran en materia de seguridad, afirm\u00f3 el vocero de Seguridad, Jorge Cu\u00e9llar Montoya, quien inform\u00f3 que los incidentes que se han registrado en la zona de la frontera est\u00e1n focalizados.<\/p>\n\n\n\n<p>Expres\u00f3 que las estad\u00edsticas as\u00ed lo demuestran y en base a un reporte presentado ayer por la secretaria federal de Seguridad y Protecci\u00f3n Ciudadana, Rosa Icela Rodr\u00edguez, Tamaulipas se encuentra en el lugar 12 de los estados con menor incidencia delictiva, en la medici\u00f3n correspondiente a julio, que es el mes con menor n\u00famero de delitos de alto impacto, en los \u00faltimos seis a\u00f1os.<\/p>\n\n\n\n<p>\u201cEs importante comunicarlo y que el pueblo sepa, que tiene un gobernador que s\u00ed se preocupa y ocupa de manera muy puntual en los momentos dif\u00edciles que a veces se presentan\u201d, expres\u00f3.<\/p>\n\n\n\n<p>Durante la rueda de prensa semanal efectuada en Palacio de Gobierno, el vocero de Seguridad de Tamaulipas, se\u00f1al\u00f3 que atienden con prontitud los reportes recibidos y reiter\u00f3 que proporcionan la informaci\u00f3n ver\u00eddica y precisa de los incidentes que se registran.<\/p>\n\n\n\n<p>\u201cA los infractores de la ley les molesta que la autoridad act\u00fae. Si en alg\u00fan momento no se hizo en otras \u00e9pocas, eso corresponde al pasado. El presente es que este es un gobierno que si enfrenta los problemas, que est\u00e1 cerca de la gente y que est\u00e1 comprometido con la gente\u201d, dijo.<\/p>\n\n\n\n<p>Asimismo, indic\u00f3 que fue presentada la denuncia ante la Fiscal\u00eda General de Justicia por el da\u00f1o a las c\u00e1maras de videovigilancia que se realiz\u00f3 el pasado fin de semana en Reynosa, aunado a que se encuentran en pl\u00e1ticas con la empresa, para que vuelva a entrar en funcionamiento este sistema de vigilancia.<\/p>\n\n\n\n<p>Sobre los aseguramientos registrados en la \u00faltima semana cit\u00f3 que en armas de fuego fueron 13, en veh\u00edculos, 13; en veh\u00edculos blindados, uno; en cargadores y cartuchos, 571; en chalecos t\u00e1cticos, siete; en poncha llantas, 10; narc\u00f3ticos, 53 dosis; 18 dosis de coca\u00edna y 24 dosis de piedra crack; tambi\u00e9n record\u00f3 que el utilizar poncha llantas significa un delito.<\/p>\n\n\n\n<p>JULIO; EL MES DE MENOR INCIDENCIA DELICTIVA EN LOS \u00daLTIMOS SEIS A\u00d1OS<\/p>\n\n\n\n<p>El vocero de Seguridad, Jorge Cu\u00e9llar Montoya reiter\u00f3 que julio fue el mes m\u00e1s bajo en incidencia delictiva en los \u00faltimos 6 a\u00f1os, tendencia que esperan contin\u00fae.<\/p>\n\n\n\n<p>\u201cSi revisamos los 6 a\u00f1os anteriores, este es el mes, julio donde tenemos mejores resultados, esto es una buena noticia y esperamos seguir manteniendo esa tendencia, se trabaja para eso\u201d, dijo.<\/p>\n\n\n\n<p>Durante el encuentro con los representantes de los medios de comunicaci\u00f3n, se\u00f1al\u00f3 que las estad\u00edsticas indican que Tamaulipas es la segunda entidad con mejores resultados de las localizadas en la frontera norte con los Estados Unidos, \u00fanicamente superado por Sonora, \u201ccon mejores resultados que Nuevo Le\u00f3n, Coahuila, Chihuahua y Baja California&#8221;.<\/p>\n\n\n\n<p>\u201cAqu\u00ed nos encontramos en el lugar n\u00famero 12; estamos entre las 12 entidades con menor incidencia delictiva. La media nacional son 137 delitos, nosotros tenemos 91.1, un delito m\u00e1s que Durango, que es el que est\u00e1 en el lugar n\u00famero 11 y 5 \u00f3 6 de Sonora\u201d, se\u00f1al\u00f3.<\/p>\n\n\n\n<p>Por \u00faltimo, reiter\u00f3 el llamado a la cultura de la denuncia, que poco a poco se ha ido incrementando, por lo que pidi\u00f3 hacer uso del 089.<\/p>\n","protected":false},"excerpt":{"rendered":"<p>Ciudad Victoria, Tamaulipas. -El Gobierno de Tamaulipas atiende y enfrenta los problemas que se registran en materia de seguridad, afirm\u00f3 el vocero de Seguridad, Jorge Cu\u00e9llar Montoya, quien inform\u00f3 que &hellip; <a href=\"http:\/\/revistalaneta.com.mx\/?p=7062\" class=\"more-link\">Leer m\u00e1s<\/a><\/p>\n","protected":false},"author":1,"featured_media":7061,"comment_status":"open","ping_status":"open","sticky":false,"template":"","format":"standard","meta":{"footnotes":""},"categories":[7],"tags":[],"class_list":["post-7062","post","type-post","status-publish","format-standard","has-post-thumbnail","hentry","category-ciudad-victoria","entry"],"_links":{"self":[{"href":"http:\/\/revistalaneta.com.mx\/index.php?rest_route=\/wp\/v2\/posts\/7062","targetHints":{"allow":["GET"]}}],"collection":[{"href":"http:\/\/revistalaneta.com.mx\/index.php?rest_route=\/wp\/v2\/posts"}],"about":[{"href":"http:\/\/revistalaneta.com.mx\/index.php?rest_route=\/wp\/v2\/types\/post"}],"author":[{"embeddable":true,"href":"http:\/\/revistalaneta.com.mx\/index.php?rest_route=\/wp\/v2\/users\/1"}],"replies":[{"embeddable":true,"href":"http:\/\/revistalaneta.com.mx\/index.php?rest_route=%2Fwp%2Fv2%2Fcomments&post=7062"}],"version-history":[{"count":1,"href":"http:\/\/revistalaneta.com.mx\/index.php?rest_route=\/wp\/v2\/posts\/7062\/revisions"}],"predecessor-version":[{"id":7063,"href":"http:\/\/revistalaneta.com.mx\/index.php?rest_route=\/wp\/v2\/posts\/7062\/revisions\/7063"}],"wp:featuredmedia":[{"embeddable":true,"href":"http:\/\/revistalaneta.com.mx\/index.php?rest_route=\/wp\/v2\/media\/7061"}],"wp:attachment":[{"href":"http:\/\/revistalaneta.com.mx\/index.php?rest_route=%2Fwp%2Fv2%2Fmedia&parent=7062"}],"wp:term":[{"taxonomy":"category","embeddable":true,"href":"http:\/\/revistalaneta.com.mx\/index.php?rest_route=%2Fwp%2Fv2%2Fcategories&post=7062"},{"taxonomy":"post_tag","embeddable":true,"href":"http:\/\/revistalaneta.com.mx\/index.php?rest_route=%2Fwp%2Fv2%2Ftags&post=7062"}],"curies":[{"name":"wp","href":"https:\/\/api.w.org\/{rel}","templated":true}]}}