{"id":712,"date":"2022-09-13T03:04:26","date_gmt":"2022-09-13T03:04:26","guid":{"rendered":"http:\/\/revistalaneta.com.mx\/?p=712"},"modified":"2022-09-13T03:04:32","modified_gmt":"2022-09-13T03:04:32","slug":"izaran-bandera-monumental-en-la-plaza-morelos","status":"publish","type":"post","link":"http:\/\/revistalaneta.com.mx\/?p=712","title":{"rendered":"Izar\u00e1n bandera monumental en la Plaza Morelos"},"content":{"rendered":"\n<p><\/p>\n\n\n\n<p>Nuevo Laredo, Tamps.- Con la finalidad de integrar y promover a los ciudadanos el respeto de los s\u00edmbolos patrios, as\u00ed como recuperar importantes espacios p\u00fablicos, todos los lunes, personal de la Secretar\u00eda de la Defensa Nacional (Sedena) izar\u00e1 la bandera monumental en la Plaza Morelos.<\/p>\n\n\n\n<p>Con esa finalidad, en una ceremonia alusiva al mes patrio, elementos del D\u00e9cimo Sexto Regimiento de Caballer\u00eda Motorizado, en coordinaci\u00f3n con autoridades de los tres niveles de Gobierno, realizaron el izamiento a la bandera en la mencionada Plaza Morelos donde se encuentra el tambi\u00e9n enorme m\u00e1stil.<\/p>\n\n\n\n<p>\u201cEste l\u00e1baro patrio fue confeccionado por personal militar y pertenece a las banderas monumentales que ondean en M\u00e9xico, qu\u00e9 mejor manera de reactivar estas ceremonias que en septiembre, donde se ronda fechas importantes como la Independencia de nuestra naci\u00f3n\u201d, expres\u00f3 el Comandante de la Guarnici\u00f3n Militar de Nuevo Laredo, General Brigadier Diplomado del Estado Mayor, Jorge Gonz\u00e1lez Galvez.<\/p>\n\n\n\n<p>En M\u00e9xico, existen 58 banderas monumentales, las cuales superan los 50 metros, siendo la de Nuevo Laredo una de las m\u00e1s grandes con una altura de 100 metros y pesa entre 180 y 200 kilos y fue colocada por vez primera el 18 de septiembre de 1998.<\/p>\n\n\n\n<p>En este evento de izamiento de la bandera, se cont\u00f3 con la presencia del Secretario del Ayuntamiento Juan Angel Mart\u00ednez, quien fue en representaci\u00f3n de la alcaldesa Carmen Lilia Canturosas Villarreal; tambi\u00e9n, del director de Gobierno Municipal, Jes\u00fas Guillermo Dom\u00ednguez.<\/p>\n\n\n\n<p>Asimismo se cont\u00f3 con la presencia del subdelegado de Bienestar, Gast\u00f3n Herrera; del representante del Instituto Nacional de Migraci\u00f3n, V\u00edctor Hugo Hern\u00e1ndez Hinojosa; el Coronel de Infanter\u00eda Diplomado del Estado Mayor, Vicente Dimayuga, el comandante del S\u00e9ptimo batall\u00f3n de infanter\u00eda y Coordinador de la Guardia Nacional en Nuevo Laredo, Fernando Meneses; del Mayor de Artiller\u00eda y subdirector de Aduanas, Oscar \u00c1vila, entre otras personalidades.<\/p>\n","protected":false},"excerpt":{"rendered":"<p>Nuevo Laredo, Tamps.- Con la finalidad de integrar y promover a los ciudadanos el respeto de los s\u00edmbolos patrios, as\u00ed como recuperar importantes espacios p\u00fablicos, todos los lunes, personal de &hellip; <a href=\"http:\/\/revistalaneta.com.mx\/?p=712\" class=\"more-link\">Leer m\u00e1s<\/a><\/p>\n","protected":false},"author":1,"featured_media":0,"comment_status":"open","ping_status":"open","sticky":false,"template":"","format":"standard","meta":{"footnotes":""},"categories":[4],"tags":[],"class_list":["post-712","post","type-post","status-publish","format-standard","hentry","category-nuevo-laredo","entry"],"_links":{"self":[{"href":"http:\/\/revistalaneta.com.mx\/index.php?rest_route=\/wp\/v2\/posts\/712","targetHints":{"allow":["GET"]}}],"collection":[{"href":"http:\/\/revistalaneta.com.mx\/index.php?rest_route=\/wp\/v2\/posts"}],"about":[{"href":"http:\/\/revistalaneta.com.mx\/index.php?rest_route=\/wp\/v2\/types\/post"}],"author":[{"embeddable":true,"href":"http:\/\/revistalaneta.com.mx\/index.php?rest_route=\/wp\/v2\/users\/1"}],"replies":[{"embeddable":true,"href":"http:\/\/revistalaneta.com.mx\/index.php?rest_route=%2Fwp%2Fv2%2Fcomments&post=712"}],"version-history":[{"count":1,"href":"http:\/\/revistalaneta.com.mx\/index.php?rest_route=\/wp\/v2\/posts\/712\/revisions"}],"predecessor-version":[{"id":713,"href":"http:\/\/revistalaneta.com.mx\/index.php?rest_route=\/wp\/v2\/posts\/712\/revisions\/713"}],"wp:attachment":[{"href":"http:\/\/revistalaneta.com.mx\/index.php?rest_route=%2Fwp%2Fv2%2Fmedia&parent=712"}],"wp:term":[{"taxonomy":"category","embeddable":true,"href":"http:\/\/revistalaneta.com.mx\/index.php?rest_route=%2Fwp%2Fv2%2Fcategories&post=712"},{"taxonomy":"post_tag","embeddable":true,"href":"http:\/\/revistalaneta.com.mx\/index.php?rest_route=%2Fwp%2Fv2%2Ftags&post=712"}],"curies":[{"name":"wp","href":"https:\/\/api.w.org\/{rel}","templated":true}]}}