{"id":727,"date":"2022-09-14T03:01:27","date_gmt":"2022-09-14T03:01:27","guid":{"rendered":"http:\/\/revistalaneta.com.mx\/?p=727"},"modified":"2022-09-14T03:01:31","modified_gmt":"2022-09-14T03:01:31","slug":"realizara-sistema-dif-campana-de-cirugia-de-cataratas","status":"publish","type":"post","link":"http:\/\/revistalaneta.com.mx\/?p=727","title":{"rendered":"Realizar\u00e1 Sistema DIF campa\u00f1a de cirug\u00eda de cataratas"},"content":{"rendered":"\n<p><\/p>\n\n\n\n<p>Nuevo Laredo, Tamps.- El Sistema para el Desarrollo Integral de la Familia (DIF) de Nuevo Laredo llevar\u00e1 a cabo a fin de mes la Campa\u00f1a de Cirug\u00eda de Cataratas para apoyar a las personas que requieren esta operaci\u00f3n y recuperar su visi\u00f3n.<\/p>\n\n\n\n<p>Con la finalidad de que el beneficio llegue realmente a personas de escasos recursos econ\u00f3micos, realizar\u00e1n un estudio socioecon\u00f3mico a los candidatos a esta cirug\u00eda.<\/p>\n\n\n\n<p>Las personas que no acrediten el estudio socioecon\u00f3mico podr\u00e1n acceder a la operaci\u00f3n a trav\u00e9s de una cuota de recuperaci\u00f3n y as\u00ed poder llevar beneficio y apoyo a m\u00e1s personas.<\/p>\n\n\n\n<p>El DIF que preside la se\u00f1ora Claudette Canturosas de Salinas ha beneficiado a m\u00e1s de 280 personas con esta Campa\u00f1a de Cirug\u00eda de Cataratas.<\/p>\n\n\n\n<p>Jos\u00e9 Luis Pintado, director del DIF en Nuevo Laredo exhort\u00f3 a las familias a que se acerquen al DIF ubicado en H\u00e9roe de Nacataz 2244 para solicitar m\u00e1s informaci\u00f3n e inscribirse para recibir este beneficio.<\/p>\n","protected":false},"excerpt":{"rendered":"<p>Nuevo Laredo, Tamps.- El Sistema para el Desarrollo Integral de la Familia (DIF) de Nuevo Laredo llevar\u00e1 a cabo a fin de mes la Campa\u00f1a de Cirug\u00eda de Cataratas para &hellip; <a href=\"http:\/\/revistalaneta.com.mx\/?p=727\" class=\"more-link\">Leer m\u00e1s<\/a><\/p>\n","protected":false},"author":1,"featured_media":0,"comment_status":"open","ping_status":"open","sticky":false,"template":"","format":"standard","meta":{"footnotes":""},"categories":[4],"tags":[],"class_list":["post-727","post","type-post","status-publish","format-standard","hentry","category-nuevo-laredo","entry"],"_links":{"self":[{"href":"http:\/\/revistalaneta.com.mx\/index.php?rest_route=\/wp\/v2\/posts\/727","targetHints":{"allow":["GET"]}}],"collection":[{"href":"http:\/\/revistalaneta.com.mx\/index.php?rest_route=\/wp\/v2\/posts"}],"about":[{"href":"http:\/\/revistalaneta.com.mx\/index.php?rest_route=\/wp\/v2\/types\/post"}],"author":[{"embeddable":true,"href":"http:\/\/revistalaneta.com.mx\/index.php?rest_route=\/wp\/v2\/users\/1"}],"replies":[{"embeddable":true,"href":"http:\/\/revistalaneta.com.mx\/index.php?rest_route=%2Fwp%2Fv2%2Fcomments&post=727"}],"version-history":[{"count":1,"href":"http:\/\/revistalaneta.com.mx\/index.php?rest_route=\/wp\/v2\/posts\/727\/revisions"}],"predecessor-version":[{"id":728,"href":"http:\/\/revistalaneta.com.mx\/index.php?rest_route=\/wp\/v2\/posts\/727\/revisions\/728"}],"wp:attachment":[{"href":"http:\/\/revistalaneta.com.mx\/index.php?rest_route=%2Fwp%2Fv2%2Fmedia&parent=727"}],"wp:term":[{"taxonomy":"category","embeddable":true,"href":"http:\/\/revistalaneta.com.mx\/index.php?rest_route=%2Fwp%2Fv2%2Fcategories&post=727"},{"taxonomy":"post_tag","embeddable":true,"href":"http:\/\/revistalaneta.com.mx\/index.php?rest_route=%2Fwp%2Fv2%2Ftags&post=727"}],"curies":[{"name":"wp","href":"https:\/\/api.w.org\/{rel}","templated":true}]}}