{"id":739,"date":"2022-09-14T03:10:32","date_gmt":"2022-09-14T03:10:32","guid":{"rendered":"http:\/\/revistalaneta.com.mx\/?p=739"},"modified":"2022-09-14T03:10:37","modified_gmt":"2022-09-14T03:10:37","slug":"haran-kermes-cultural-en-la-casa-de-la-cultura-de-la-colonia-viveros","status":"publish","type":"post","link":"http:\/\/revistalaneta.com.mx\/?p=739","title":{"rendered":"Har\u00e1n Kerm\u00e9s Cultural en la Casa de la Cultura de la colonia Viveros"},"content":{"rendered":"\n<p><\/p>\n\n\n\n<p>Nuevo Laredo, Tamps.- Para festejar la &#8220;Independencia de M\u00e9xico&#8221;, la Direcci\u00f3n de Arte y Cultura llevar\u00e1 a cabo una &#8220;Kerm\u00e9s Cultural&#8221; el pr\u00f3ximo 15 de septiembre, de 5:00 de la tarde a 9:00 de la noche en la casa de la cultura de la colonia &#8220;Viveros&#8221;, ubicada en Lincoln y Chimalpopoca.<\/p>\n\n\n\n<p>La actividad tiene por objetivo fortalecer nuestra identidad a trav\u00e9s de una programaci\u00f3n art\u00edstica relacionada con la fecha conmemorativa mencionada.<\/p>\n\n\n\n<p>Marcos Rodr\u00edguez Leija, Director de Arte y Cultura (DAyC) explic\u00f3 que este tipo de actividades tienen su origen en M\u00e9xico desde la \u00e9poca de la Colonia y consist\u00edan en fiestas populares organizadas por las congregaciones religiosas para convocar al pueblo.<\/p>\n\n\n\n<p>Con el paso del tiempo, el sincretismo las fue transformando hasta convertirse en el tipo de verbena o convite que hoy conocemos, llenas de colorido, m\u00fasica tradicional, juegos y vendimia.<\/p>\n\n\n\n<p>&#8220;En este caso, nuestra kerm\u00e9s estar\u00e1 enfocada a trav\u00e9s del arte a la celebraci\u00f3n de la Independencia de M\u00e9xico&#8221;, dijo el funcionario.<\/p>\n\n\n\n<p>&#8220;Con esto buscamos fortalecer nuestra identidad como mexicanos, preservar nuestras tradiciones y que la comunidad, en armon\u00eda, se integre y pase un momento agradable de sano esparcimiento&#8221;, agreg\u00f3.<\/p>\n\n\n\n<p>La actividad se llevar\u00e1 a cabo en los jardines de la Casa de la Cultura de la Colonia Viveros, adem\u00e1s de la venta de alimentos y dulces t\u00edpicos regionales, habr\u00e1 un juego did\u00e1ctico de loter\u00eda con personajes relevantes de la cultura nacional y universal, cantantes de m\u00fasica vern\u00e1cula, grupos de danza folcl\u00f3rica y din\u00e1micas de competencia en los que los ganadores podr\u00e1n obtener un obsequio.<\/p>\n","protected":false},"excerpt":{"rendered":"<p>Nuevo Laredo, Tamps.- Para festejar la &#8220;Independencia de M\u00e9xico&#8221;, la Direcci\u00f3n de Arte y Cultura llevar\u00e1 a cabo una &#8220;Kerm\u00e9s Cultural&#8221; el pr\u00f3ximo 15 de septiembre, de 5:00 de la &hellip; <a href=\"http:\/\/revistalaneta.com.mx\/?p=739\" class=\"more-link\">Leer m\u00e1s<\/a><\/p>\n","protected":false},"author":1,"featured_media":0,"comment_status":"open","ping_status":"open","sticky":false,"template":"","format":"standard","meta":{"footnotes":""},"categories":[4],"tags":[],"class_list":["post-739","post","type-post","status-publish","format-standard","hentry","category-nuevo-laredo","entry"],"_links":{"self":[{"href":"http:\/\/revistalaneta.com.mx\/index.php?rest_route=\/wp\/v2\/posts\/739","targetHints":{"allow":["GET"]}}],"collection":[{"href":"http:\/\/revistalaneta.com.mx\/index.php?rest_route=\/wp\/v2\/posts"}],"about":[{"href":"http:\/\/revistalaneta.com.mx\/index.php?rest_route=\/wp\/v2\/types\/post"}],"author":[{"embeddable":true,"href":"http:\/\/revistalaneta.com.mx\/index.php?rest_route=\/wp\/v2\/users\/1"}],"replies":[{"embeddable":true,"href":"http:\/\/revistalaneta.com.mx\/index.php?rest_route=%2Fwp%2Fv2%2Fcomments&post=739"}],"version-history":[{"count":1,"href":"http:\/\/revistalaneta.com.mx\/index.php?rest_route=\/wp\/v2\/posts\/739\/revisions"}],"predecessor-version":[{"id":740,"href":"http:\/\/revistalaneta.com.mx\/index.php?rest_route=\/wp\/v2\/posts\/739\/revisions\/740"}],"wp:attachment":[{"href":"http:\/\/revistalaneta.com.mx\/index.php?rest_route=%2Fwp%2Fv2%2Fmedia&parent=739"}],"wp:term":[{"taxonomy":"category","embeddable":true,"href":"http:\/\/revistalaneta.com.mx\/index.php?rest_route=%2Fwp%2Fv2%2Fcategories&post=739"},{"taxonomy":"post_tag","embeddable":true,"href":"http:\/\/revistalaneta.com.mx\/index.php?rest_route=%2Fwp%2Fv2%2Ftags&post=739"}],"curies":[{"name":"wp","href":"https:\/\/api.w.org\/{rel}","templated":true}]}}