{"id":7430,"date":"2023-09-12T13:38:47","date_gmt":"2023-09-12T13:38:47","guid":{"rendered":"http:\/\/revistalaneta.com.mx\/?p=7430"},"modified":"2023-09-12T13:39:19","modified_gmt":"2023-09-12T13:39:19","slug":"arnulfo-rodriguez-rompe-el-dialogo-con-el-gobierno","status":"publish","type":"post","link":"http:\/\/revistalaneta.com.mx\/?p=7430","title":{"rendered":"ARNULFO RODR\u00cdGUEZ ROMPE EL DI\u00c1LOGO CON EL GOBIERNO"},"content":{"rendered":"\n<p><br>El profesor Arnulfo Rodr\u00edguez Trevi\u00f1o decidi\u00f3 romper el di\u00e1logo con el Gobierno del Estado de Tamaulipas, luego de recibir una nueva negativa a su exigencia de destituir a la secretaria de Educaci\u00f3n de Tamaulipas, Luc\u00eda Aim\u00e9 Castillo Pastor. El propio Arnulfo anunci\u00f3 lo anterior en entrevista el lunes por la tarde, y asegur\u00f3 que no se dar\u00e1 ni un paso atr\u00e1s en cuanto a las 22 peticiones que han formulado. En contraparte el gobernador Am\u00e9rico Villarreal Anaya anunci\u00f3 por la ma\u00f1ana que el conflicto de los maestros era m\u00e1s que nada pol\u00edtico, y no por el inter\u00e9s educativo, y hasta asever\u00f3 \u201clos que no quieren clases est\u00e1n bailando en Tamat\u00e1n\u201d. Ante esto es un hecho que el conflicto continuar\u00e1, y con ello la suspensi\u00f3n de clases, ante la desesperaci\u00f3n de miles de padres de familia que se est\u00e1n viendo afectados con dicha situaci\u00f3n, pues no saben donde dejar a sus hijos, al irse ellos a trabajar.<\/p>\n\n\n\n<p>OBSESIVA PETICI\u00d3N<br \/>Y la verdad que s\u00ed ya es obsesiva la exigencia de Arnulfo Rodr\u00edguez Trevi\u00f1o en cuanto a que Luc\u00eda Aim\u00e9 Castillo Pastor deje su cargo, bajo el argumento de que lo piden los maestros. \u00bfPero cu\u00e1ntos maestros hacen tal exigencia? Porque si volteamos la tortilla, \u00bfqu\u00e9 le parecer\u00eda al \u201cprofe\u201d Arnulfo si llega haber maestros que exijan su destituci\u00f3n como l\u00edder? Digo, porque puede haberlos, sobre todo si tomamos en cuenta que Arnulfo lleg\u00f3 a la dirigencia de la Secci\u00f3n 30 del SNTE solo con el voto del 37 por ciento de los maestros sufragantes en la elecci\u00f3n por dicho cargo, por lo que el restante 63 por ciento no voto por \u00e9l y por lo tanto no lo quieren mucho, que digamos. Adem\u00e1s, es arbitrario que haya ordenado el paro de labores, cuando hay maestros que quieren seguir trabajando, pero \u00e9l no lo permite, mostrando as\u00ed su autoritarismo. Porque, as\u00ed como los maestros paristas se quejan de que los est\u00e1n amedrentando, tambi\u00e9n hay maestros que no est\u00e1n a favor del paro, y que igualmente acusan que est\u00e1n siendo atemorizados por los paristas. Digo, ahora si que como dijo la Chimoltrufia \u201cyo como digo una cosa, digo otra. Pa\u00b4que nos hacemos tarugos\u201d.<\/p>\n\n\n\n<p>LA HIPOCRES\u00cdA A TODO LO QUE DA<br \/>Ahora resulta que algunos diputados locales del PAN se desga\u00f1itan exigiendo que se solucionen las demandas de los maestros, siendo que fue el anterior gobierno estatal, de extracci\u00f3n panista, quien dej\u00f3 crecer el problema, al nunca atender las demandas magisteriales, pues les bastaba con \u201carreglar\u201d, y bien \u201carreglado\u201d, al entonces dirigente magisterial Rigoberto Guevara V\u00e1zquez. Y all\u00ed s\u00ed ni p\u00edo dec\u00edan, pero ahora se desgarran las vestiduras al m\u00e1s puro estilo b\u00edblico, mostrando su falsa inconformidad, que no es m\u00e1s que una acci\u00f3n para estar jodiendo al gobierno estatal. Son como los fariseos y los saduceos, hip\u00f3critas a morir.<\/p>\n\n\n\n<p>SE VA EL OBISPO ENRIQUE S\u00c1NCHEZ MART\u00cdNEZ<br \/>El Obispo Enrique S\u00e1nchez Mart\u00ednez deja de ser el encargado de la Di\u00f3cesis de Nuevo Laredo, toda vez que ha recibido la encomienda del Papa Francisco I de irse a atender la Di\u00f3cesis de Mexicali. \u00c9l mismo dio a conocer lo anterior en conferencia de prensa celebrada ayer, en un hecho por dem\u00e1s sorpresivo, pero as\u00ed es esto, as\u00ed se manejan las cosas en la iglesia cat\u00f3lica. De momento nuestra Di\u00f3cesis queda vacante, hasta que se designe un nuevo titular, lo cual tendr\u00e1 que definir el mismo Papa Francisco I, y lo cual muy probablemente tarde algunos meses. Enrique S\u00e1nchez Mart\u00ednez, fue el tercer Obispo de la Di\u00f3cesis de Nuevo Laredo, despu\u00e9s de Ricardo Watty Urquidi y Gustavo Rodr\u00edguez Vega. \u00c9l lleg\u00f3 en noviembre del 2015 a atender los asuntos religiosos en esta Di\u00f3cesis, que aparte de Nuevo Laredo incluye la frontera chica y algunos municipios cercanos de Nuevo Le\u00f3n.<br \/>\u00a1Que le vaya bien se\u00f1or Obispo!<\/p>\n\n\n\n<p>NUEVA TITULAR DEL CENTRO ANTIRR\u00c1BICO<br \/>La doctora Mar\u00eda Fernanda Carmona Cavazos ha sido designada como nueva directora del Centro de Atenci\u00f3n Canino de Nuevo Laredo, mejor conocido como el Centro Antirr\u00e1bico. Dicho nombramiento le fue conferido por el doctor Manlio Fabio Benavides Gonz\u00e1lez, Jefe de la Jurisdicci\u00f3n Sanitaria N\u00famero 5, por instrucciones del Secretario de Salud de Tamaulipas, Vicente Joel Hern\u00e1ndez Navarro. La mencionada, quien suple al doctor Juan Salinas Aguilera, tiene amplia experiencia en la atenci\u00f3n canina, toda vez que viene de ser la encargada del \u00e1rea de salud animal por parte del Gobierno Municipal de Nuevo Laredo, por lo que es gente de confianza de la alcaldesa Carmen Lilia Canturosas Villarreal, por lo que ahora s\u00ed se podr\u00e1 trabajar de manera coordinada con el gobierno del estado, en acciones de atenci\u00f3n a la salud animal.<\/p>\n\n\n\n<p>CAMPA\u00d1A DE VACUNACI\u00d3N ANTIRR\u00c1BICA<br \/>Y hablando de atenci\u00f3n a perros y gatos, desde ayer lunes el Gobierno Municipal de Nuevo Laredo uso en marcha, a trav\u00e9s de la Secretar\u00eda de Bienestar Social, una campa\u00f1a de vacunaci\u00f3n antirr\u00e1bica, que se mantendr\u00e1 hasta el viernes 15 de septiembre, y que se realizar\u00e1 de cho de la ma\u00f1ana a tres y media de la tarde en todas las Cl\u00ednicas UNE instaladas en la ciudad, as\u00ed como de 10 de la ma\u00f1ana a una de la tarde en la plaza Esteban Baca Calder\u00f3n. Dicha campa\u00f1a es totalmente gratuita para canes y felinos, de un mes de edad en adelante, y el \u00fanico requisito es llevar a los perros con correa y a los gatos en transportadora.<\/p>\n\n\n\n<p>SUE\u00d1OS GUAJIROS DEL PRD<br \/>Seg\u00fan el dirigente estatal del Partido de la Revoluci\u00f3n Democr\u00e1tica (PRD) de Tamaulipas, David Valenzuela Barrios, en este partido aun no deciden si ir\u00e1n en coalici\u00f3n total o parcial con el Partido Acci\u00f3n Nacional (PAN) y el Partido Revolucionario Institucional (PRI), con miras a los comicios del 2 de junio del 2024 a celebrarse en esta entidad federativa. Y es que si bien es cierto que la coalici\u00f3n est\u00e1 amarra en cuanto a la Presidencia de la Rep\u00fablica, todav\u00eda falta ver lo de las dos senadur\u00edas, las ocho diputaciones federales, las 43 alcald\u00edas y las 22 diputaciones locales, donde en algunos distritos y municipios correspondientes a Tamaulipas pueden ir aliados, o solos. Y dice que se tiene hasta el 23 de diciembre para definir al respecto. Pues yo que los del PRD no me pon\u00eda tan ro\u00f1oso, pues la verdad es que no representan mucho en Tamaulipas, as\u00ed que no la hagan mucho de tos, pues si les dan unas regidur\u00edas y les alcanza para una diputaci\u00f3n local plurinominal, ya van de gane.<\/p>\n\n\n\n<p>LO \u00daLTIMO<br \/>Muchas felicidades a mi amiga Makis Gonz\u00e1lez quien este martes est\u00e1 cumpliendo un a\u00f1o m\u00e1s de vida. \u00a1Muchos m\u00e1s d\u00edas de estos!\u2026 Tanto mitote hizo Marcelo Ebrard para salir diciendo que si la Comisi\u00f3n de Honor y Justicia de MORENA no resuelve lo de su impugnaci\u00f3n, se ir\u00e1 de ese partido, donde de hecho ya ni lo quieren. Pero no dijo para donde se ir\u00e1, que eso es lo que interesa. O sea que nom\u00e1s la anda haciendo de emoci\u00f3n\u2026 Falleci\u00f3 el actor Benito Castro, famoso por su papel como \u201cEl Papirringo\u201d en el programa \u201cLa G\u00fcereja y Algo M\u00e1s\u201d, y aparte por ser integrante del grupo musical Los Hermanos Castro. \u00a1Descanse en paz! No se olvide que este martes es el Segundo Informe de Gobierno de Carmen Lilia Canturosas Villarreal a celebrarse en el Centro Cultural de Nuevo Laredo a las 12 del mediod\u00eda.<\/p>\n","protected":false},"excerpt":{"rendered":"<p>El profesor Arnulfo Rodr\u00edguez Trevi\u00f1o decidi\u00f3 romper el di\u00e1logo con el Gobierno del Estado de Tamaulipas, luego de recibir una nueva negativa a su exigencia de destituir a la secretaria &hellip; <a href=\"http:\/\/revistalaneta.com.mx\/?p=7430\" class=\"more-link\">Leer m\u00e1s<\/a><\/p>\n","protected":false},"author":1,"featured_media":7429,"comment_status":"open","ping_status":"open","sticky":false,"template":"","format":"standard","meta":{"footnotes":""},"categories":[2,3],"tags":[],"class_list":["post-7430","post","type-post","status-publish","format-standard","has-post-thumbnail","hentry","category-chismorreo","category-opinion","entry"],"_links":{"self":[{"href":"http:\/\/revistalaneta.com.mx\/index.php?rest_route=\/wp\/v2\/posts\/7430","targetHints":{"allow":["GET"]}}],"collection":[{"href":"http:\/\/revistalaneta.com.mx\/index.php?rest_route=\/wp\/v2\/posts"}],"about":[{"href":"http:\/\/revistalaneta.com.mx\/index.php?rest_route=\/wp\/v2\/types\/post"}],"author":[{"embeddable":true,"href":"http:\/\/revistalaneta.com.mx\/index.php?rest_route=\/wp\/v2\/users\/1"}],"replies":[{"embeddable":true,"href":"http:\/\/revistalaneta.com.mx\/index.php?rest_route=%2Fwp%2Fv2%2Fcomments&post=7430"}],"version-history":[{"count":1,"href":"http:\/\/revistalaneta.com.mx\/index.php?rest_route=\/wp\/v2\/posts\/7430\/revisions"}],"predecessor-version":[{"id":7431,"href":"http:\/\/revistalaneta.com.mx\/index.php?rest_route=\/wp\/v2\/posts\/7430\/revisions\/7431"}],"wp:featuredmedia":[{"embeddable":true,"href":"http:\/\/revistalaneta.com.mx\/index.php?rest_route=\/wp\/v2\/media\/7429"}],"wp:attachment":[{"href":"http:\/\/revistalaneta.com.mx\/index.php?rest_route=%2Fwp%2Fv2%2Fmedia&parent=7430"}],"wp:term":[{"taxonomy":"category","embeddable":true,"href":"http:\/\/revistalaneta.com.mx\/index.php?rest_route=%2Fwp%2Fv2%2Fcategories&post=7430"},{"taxonomy":"post_tag","embeddable":true,"href":"http:\/\/revistalaneta.com.mx\/index.php?rest_route=%2Fwp%2Fv2%2Ftags&post=7430"}],"curies":[{"name":"wp","href":"https:\/\/api.w.org\/{rel}","templated":true}]}}