{"id":745,"date":"2022-09-14T15:16:00","date_gmt":"2022-09-14T15:16:00","guid":{"rendered":"http:\/\/revistalaneta.com.mx\/?p=745"},"modified":"2022-09-14T15:16:45","modified_gmt":"2022-09-14T15:16:45","slug":"se-registran-dos-planillas-por-la-dirigencia-del-pan","status":"publish","type":"post","link":"http:\/\/revistalaneta.com.mx\/?p=745","title":{"rendered":"SE REGISTRAN DOS PLANILLAS POR LA DIRIGENCIA DEL PAN"},"content":{"rendered":"\n<p>Agust\u00edn Chapa Torres y Alejandro P\u00e1ez Miranda encabezan las dos \u00fanicas planillas que se registraron en pos de la dirigencia del comit\u00e9 municipal del Partido Acci\u00f3n Nacional (PAN) de Nuevo Laredo, y que por lo tanto habr\u00e1n de competir en la elecci\u00f3n interna que registrar\u00e1 este instituto pol\u00edtico el pr\u00f3ximo 2 de octubre. Ambos contendientes acudieron el lunes a registrarse, justo en el \u00faltimo d\u00eda que ten\u00edan para ello. En el caso de Chapa Torres, quien fue el primero en inscribirse, su planilla la complementan Iliana Medina Garc\u00eda, Samuel Lozano Molina, Santiago S\u00e1enz C\u00e1rdenas, Soraya Contreras y Rosaura Cuello, en tanto que P\u00e1ez Miranda lleva como compa\u00f1eros de f\u00f3rmula a Elia Roc\u00edo Flores Carrizales, H\u00e9ctor Nathan Olivares Castillo, Perla Niria Mendoza Dur\u00e1n, Edgar Herrera Cruz, y Patricia Ferrara Theriot. Cabe apuntar que el actual dirigente, Rafael Pedraza Dom\u00ednguez, desisti\u00f3 de participar por su continuidad en el cargo, aunque anunci\u00f3 su respaldo a la planilla de Chapa Torres.<\/p>\n\n\n\n<p>ACUSASIONES MUTUAS<br \/>Ahora bien, el hecho de que en la planilla de P\u00e1ez vayan incluidos la ex regidora Patricia Ferrera Theriot, hermana del actual regidor Ernesto Ferrara Theriot, as\u00ed como tambi\u00e9n Edgar Herrera Cruz, quien es asistente del propio regidor Ferrara, ha generado que los seguidores de Chapa Torres acusen que Ernesto Ferrara est\u00e1 detr\u00e1s de dicha planilla, y quiere seguir controlando el PAN, pese a que ya no est\u00e1 en dicho partido, pues se cambio al Partido Verde. Sin embargo el propio Ernesto Ferrara en pl\u00e1tica con este servidor neg\u00f3 tal situaci\u00f3n. A su vez del equipo de P\u00e1ez acusan que detr\u00e1s de Agust\u00edn Chapa est\u00e1 la ex candidata a la alcald\u00eda, Yahleel Abdala Carmona, y sobre todo el dirigente estatal del PAN, Luis Ren\u00e9 Cant\u00fa Galv\u00e1n. Ahora lo que viene es la autorizaci\u00f3n de los registros, y a ver si no salen con trabas hacia alguna de las f\u00f3rmulas, con eso de que est\u00e1 de moda tal cosa.<\/p>\n\n\n\n<p>CAMBIAN FECHAS PARA PAGO DE PENSIONES<br \/>Dado a que el jueves 15 y el viernes 16 de septiembre el banco del Bienestar va a estar cerrado, se aplaz\u00f3 el pago de pensiones a los adultos mayores, personas con discapacidad y madres trabajadoras que cobran a trav\u00e9s de tel\u00e9grafos o por estampillas, y que estaba programado realizarse del 14 al 19 de septiembre, y ahora se efectuar\u00e1 del 17 al 22 de septiembre. Esto fue dado a conocer por Gast\u00f3n Herrera Arredondo, coordinador de los programas federales en Nuevo Laredo, quien indic\u00f3 que el pago se mantiene en el Polyforum La Fe a partir de las 10 de la ma\u00f1ana, y solo cambian los d\u00edas. Inform\u00f3 que el s\u00e1bado 17 de septiembre se pagar\u00e1 exclusivamente a quienes cuyo primer apellido sea con la letra \u201cA\u201d, en tanto que el domingo 18 de septiembre ser\u00e1 de la letra \u201cB\u201d a la \u201cF\u201d; el lunes 19 de la \u201cG\u201d a la \u201cK\u201d; el martes 20 de la \u201cL\u201d a la \u201cN\u201d; el mi\u00e9rcoles 21 de la \u201c\u00d1\u201d a la \u201cR\u201d y el jueves 22 de la \u201cS\u201d a la \u201cZ\u201d. Para cualquier duda al respecto los interesados pueden llamar al tel\u00e9fono 867 141 0791.<\/p>\n\n\n\n<p>EXPIDEN TARJETAS DEL INAPAM<br \/>Por otro lado Gast\u00f3n Herrera Arredondo tambi\u00e9n dio a conocer que se est\u00e1n expidiendo las tarjetas del Instituto Nacional Para el Adulto Mayor (INAPAM), mismas que sirven como identificaci\u00f3n oficial para adultos mayores de 60 a\u00f1os, as\u00ed como para descuentos en negocios afiliados, en l\u00edneas de autobuses y dem\u00e1s beneficios que se conceden. Los interesados deben acudir al Palacio Federal presentando su acta de nacimiento, CURP, credencial de elector, comprobante de domicilio, dos fotos tama\u00f1o infantil en blanco y negro y la CURP de un auxiliar, as\u00ed como tel\u00e9fono de emergencia. Pero aparte Gast\u00f3n inform\u00f3 que se est\u00e1 visitando organismos sindicales y dem\u00e1s grupos, a fin de establecer m\u00f3dulos donde se pueda obtener la referida tarjeta. Y en este tenor Herrera Arredondo estuvo este martes con el secretario general del Sindicato de Maquiladoras de Nuevo Laredo, Luis Eduardo Mart\u00ednez L\u00f3pez, con quien acord\u00f3 coordinarse para brindar dicho servicio a los agremiados.<\/p>\n\n\n\n<p>SESI\u00d3N DE CABILDO ESTE MI\u00c9RCOLES<br \/>Este mi\u00e9rcoles habr\u00e1 sesi\u00f3n del Cabildo de Nuevo Laredo, en la cual se rendir\u00e1 un homenaje al regidor Jorge Valdez Vargas. Se hab\u00eda dicho que habr\u00eda una sesi\u00f3n solemne para ello la semana entrante, pero se decidi\u00f3 mejor realizar una sesi\u00f3n ordinaria, donde se abordar\u00e1n dos temas importantes, pero aparte tambi\u00e9n lo referente al recuerdo de Valdez Vargas, y de paso tambi\u00e9n se habr\u00e1 de llamar a su suplente Francisco Javier Altamirano Carrasco, para que se presente en la siguiente sesi\u00f3n, que se espera se realice la semana venidera, y as\u00ed tome posesi\u00f3n de su nuevo encargo. Sea pues.<\/p>\n\n\n\n<p>MUCHO TRABAJO EN LA OFICINA FISCAL<br \/>Demasiada gente se ha estado atendiendo en lo que va de este mes en la Oficina Fiscal del Estado, esto debido a quienes est\u00e1n legalizando sus veh\u00edculos est\u00e1n acudiendo a tramitar las placas y por lo tanto est\u00e1n saturando el servicio, ya que aparte tambi\u00e9n hay quienes van a sacar licencias de manejo, pagar impuestos y realizar muchos otros tr\u00e1mites que ah\u00ed se efect\u00faan. Y el personal no se da abasto, de ah\u00ed que el titular de la dependencia, Arturo Sanmiguel Cant\u00fa, est\u00e9 adoptando medidas para evitar que haya tanta aglomeraci\u00f3n en la dependencia, y una de ellas es el entregar fichas a la gente, para que acudan en determinado d\u00eda, a hacer sus tr\u00e1mites, y as\u00ed no est\u00e9n tanto tiempo esperando, con la posibilidad de que no se les pueda atender. As\u00ed es que hay que tener paciencia al acudir a la oficina fiscal, y lo mejor es aceptar las fichas, porque esto de la alta demanda del servicio, va para largo.<\/p>\n\n\n\n<p>CREAN DEFENSOR\u00cdA DE DERECHOS DE UNIVERSITARIOS EN LA UAT<br \/>La Universidad Aut\u00f3noma de Tamaulipas (UAT) se sum\u00f3 a las instituciones de educaci\u00f3n superior que cuentan con Defensor\u00eda de los Derechos de los Universitarios (DDU), y el cual es un \u00f3rgano que protege y defiende los derechos de los estudiantes de manera aut\u00f3noma. Esto fue anunciado por el Rector de la UAT, CP Guillermo Mendoza Cavazos, quien a la par dio posesi\u00f3n al Dr. Jos\u00e9 de Jes\u00fas Guzm\u00e1n Morales como titular de dicha defensor\u00eda, la cual dijo ser\u00e1 un \u00f3rgano ser\u00e1 completamente aut\u00f3nomo y atender\u00e1 las situaciones que pudieran surgir respecto al tema en la Universidad Aut\u00f3noma de Tamaulipas, y todo a fin de atender de la mejor manera a la comunidad universitaria.<\/p>\n\n\n\n<p>LO \u00daLTIMO<br \/>Ya es oficial que el pr\u00f3ximo lunes el gobernador electo, Am\u00e9rico Villarreal Anaya, dar\u00e1 a conocer los nombres de los integrantes de su gabinete. Y obvio que hay expectaci\u00f3n por saber qui\u00e9nes ser\u00e1n los elegidos, y sobre todo de qu\u00e9 municipios ser\u00e1n\u2026 Muy emotivo el festejo conmemorativo al 175 aniversario de la muerte de los Ni\u00f1os H\u00e9roes de Chapultepec, organizada por el Gobierno Municipal de Nuevo Laredo, y el cual estuvo encabezado por la Presidente Municipal, Carmen Lilia Canturosas Villarreal y el Comandante de la Guarnici\u00f3n de la Plaza, General Jorge Gonz\u00e1lez G\u00e1lvez\u2026 Este mi\u00e9rcoles por la noche saldr\u00e1 un autob\u00fas de Nuevo Laredo con rumbo a la Ciudad de M\u00e9xico, con 40 personas a bordo que habr\u00e1n de participar en el Grito de Independencia que el Presidente Andr\u00e9s Manuel L\u00f3pez Obrador va a dar en el Palacio Nacional. El grupo est\u00e1 integrado por Servidores de la Naci\u00f3n y va encabezado por el coordinador de los programas federales, Gast\u00f3n Herrera Arredondo. \u00a1Buen viaje!<\/p>\n","protected":false},"excerpt":{"rendered":"<p>Agust\u00edn Chapa Torres y Alejandro P\u00e1ez Miranda encabezan las dos \u00fanicas planillas que se registraron en pos de la dirigencia del comit\u00e9 municipal del Partido Acci\u00f3n Nacional (PAN) de Nuevo &hellip; <a href=\"http:\/\/revistalaneta.com.mx\/?p=745\" class=\"more-link\">Leer m\u00e1s<\/a><\/p>\n","protected":false},"author":1,"featured_media":0,"comment_status":"open","ping_status":"open","sticky":false,"template":"","format":"standard","meta":{"footnotes":""},"categories":[2,3],"tags":[],"class_list":["post-745","post","type-post","status-publish","format-standard","hentry","category-chismorreo","category-opinion","entry"],"_links":{"self":[{"href":"http:\/\/revistalaneta.com.mx\/index.php?rest_route=\/wp\/v2\/posts\/745","targetHints":{"allow":["GET"]}}],"collection":[{"href":"http:\/\/revistalaneta.com.mx\/index.php?rest_route=\/wp\/v2\/posts"}],"about":[{"href":"http:\/\/revistalaneta.com.mx\/index.php?rest_route=\/wp\/v2\/types\/post"}],"author":[{"embeddable":true,"href":"http:\/\/revistalaneta.com.mx\/index.php?rest_route=\/wp\/v2\/users\/1"}],"replies":[{"embeddable":true,"href":"http:\/\/revistalaneta.com.mx\/index.php?rest_route=%2Fwp%2Fv2%2Fcomments&post=745"}],"version-history":[{"count":1,"href":"http:\/\/revistalaneta.com.mx\/index.php?rest_route=\/wp\/v2\/posts\/745\/revisions"}],"predecessor-version":[{"id":746,"href":"http:\/\/revistalaneta.com.mx\/index.php?rest_route=\/wp\/v2\/posts\/745\/revisions\/746"}],"wp:attachment":[{"href":"http:\/\/revistalaneta.com.mx\/index.php?rest_route=%2Fwp%2Fv2%2Fmedia&parent=745"}],"wp:term":[{"taxonomy":"category","embeddable":true,"href":"http:\/\/revistalaneta.com.mx\/index.php?rest_route=%2Fwp%2Fv2%2Fcategories&post=745"},{"taxonomy":"post_tag","embeddable":true,"href":"http:\/\/revistalaneta.com.mx\/index.php?rest_route=%2Fwp%2Fv2%2Ftags&post=745"}],"curies":[{"name":"wp","href":"https:\/\/api.w.org\/{rel}","templated":true}]}}