{"id":751,"date":"2022-09-16T20:22:48","date_gmt":"2022-09-16T20:22:48","guid":{"rendered":"http:\/\/revistalaneta.com.mx\/?p=751"},"modified":"2022-09-16T20:22:54","modified_gmt":"2022-09-16T20:22:54","slug":"celebran-mes-de-neolaredenses-grito-de-independencia","status":"publish","type":"post","link":"http:\/\/revistalaneta.com.mx\/?p=751","title":{"rendered":"Celebran mes de neolaredenses Grito de Independencia"},"content":{"rendered":"\n<p><\/p>\n\n\n\n<p>Nuevo Laredo, Tamps.- M\u00e1s de 45 mil neolaredenses gritaron con emoci\u00f3n \u00a1Viva M\u00e9xico! en la ceremonia por el 212 aniversario del inicio de la Independencia de M\u00e9xico.<\/p>\n\n\n\n<p>La alcaldesa Carmen Lilia Canturosas Villarreal encabez\u00f3 el evento en la explanada de la Independencia que se ilumin\u00f3 con el espect\u00e1culo de pirotecnia.<\/p>\n\n\n\n<p>Desde ni\u00f1os, j\u00f3venes y adultos vestidos con los colores alusivos de la bandera y atuendos tradicionales mexicanos disfrutaron de la noche, emocionados despu\u00e9s de dos a\u00f1os que se suspend\u00eda por la pandemia.<\/p>\n\n\n\n<p>Durante 6 horas las familias cantaron y bailaron con Yuri, Bobby Pulido y el grupo Pega Pega.<\/p>\n","protected":false},"excerpt":{"rendered":"<p>Nuevo Laredo, Tamps.- M\u00e1s de 45 mil neolaredenses gritaron con emoci\u00f3n \u00a1Viva M\u00e9xico! en la ceremonia por el 212 aniversario del inicio de la Independencia de M\u00e9xico. La alcaldesa Carmen &hellip; <a href=\"http:\/\/revistalaneta.com.mx\/?p=751\" class=\"more-link\">Leer m\u00e1s<\/a><\/p>\n","protected":false},"author":1,"featured_media":0,"comment_status":"open","ping_status":"open","sticky":false,"template":"","format":"standard","meta":{"footnotes":""},"categories":[6],"tags":[],"class_list":["post-751","post","type-post","status-publish","format-standard","hentry","category-destacado","entry"],"_links":{"self":[{"href":"http:\/\/revistalaneta.com.mx\/index.php?rest_route=\/wp\/v2\/posts\/751","targetHints":{"allow":["GET"]}}],"collection":[{"href":"http:\/\/revistalaneta.com.mx\/index.php?rest_route=\/wp\/v2\/posts"}],"about":[{"href":"http:\/\/revistalaneta.com.mx\/index.php?rest_route=\/wp\/v2\/types\/post"}],"author":[{"embeddable":true,"href":"http:\/\/revistalaneta.com.mx\/index.php?rest_route=\/wp\/v2\/users\/1"}],"replies":[{"embeddable":true,"href":"http:\/\/revistalaneta.com.mx\/index.php?rest_route=%2Fwp%2Fv2%2Fcomments&post=751"}],"version-history":[{"count":1,"href":"http:\/\/revistalaneta.com.mx\/index.php?rest_route=\/wp\/v2\/posts\/751\/revisions"}],"predecessor-version":[{"id":752,"href":"http:\/\/revistalaneta.com.mx\/index.php?rest_route=\/wp\/v2\/posts\/751\/revisions\/752"}],"wp:attachment":[{"href":"http:\/\/revistalaneta.com.mx\/index.php?rest_route=%2Fwp%2Fv2%2Fmedia&parent=751"}],"wp:term":[{"taxonomy":"category","embeddable":true,"href":"http:\/\/revistalaneta.com.mx\/index.php?rest_route=%2Fwp%2Fv2%2Fcategories&post=751"},{"taxonomy":"post_tag","embeddable":true,"href":"http:\/\/revistalaneta.com.mx\/index.php?rest_route=%2Fwp%2Fv2%2Ftags&post=751"}],"curies":[{"name":"wp","href":"https:\/\/api.w.org\/{rel}","templated":true}]}}