{"id":754,"date":"2022-09-16T20:24:21","date_gmt":"2022-09-16T20:24:21","guid":{"rendered":"http:\/\/revistalaneta.com.mx\/?p=754"},"modified":"2022-09-16T20:24:43","modified_gmt":"2022-09-16T20:24:43","slug":"rinde-cabildo-homenaje-al-regidor-jorge-valdez","status":"publish","type":"post","link":"http:\/\/revistalaneta.com.mx\/?p=754","title":{"rendered":"Rinde Cabildo homenaje al regidor Jorge Valdez"},"content":{"rendered":"\n<p><\/p>\n\n\n\n<p>Nuevo Laredo, Tamps.- En reconocimiento a Jorge Osvaldo Valdez Vargas, quien se desempe\u00f1\u00f3 durante 11 meses como D\u00e9cimo Primer Regidor del Honorable Cabildo y que falleci\u00f3 el pasado 31 de agosto del 2022, la alcaldesa Carmen Lilia Canturosas Villarreal junto a s\u00edndicos y regidores, rindieron un homenaje p\u00f3stumo durante la 35 sesi\u00f3n ordinaria de Cabildo.<\/p>\n\n\n\n<p>A trav\u00e9s de un video, recordaron la vida personal y pol\u00edtica, as\u00ed como la lealtad y gallard\u00eda que mostraba Valdez Vargas al defender sus principios y su compromiso para rescatar a Nuevo Laredo del olvido.<\/p>\n\n\n\n<p>Posteriormente, la presidenta municipal entreg\u00f3 a los familiares de Valdez Vargas una fotograf\u00eda y la placa de regidor que representaba al funcionario.<\/p>\n\n\n\n<p>Canturosas Villarreal record\u00f3 el apoyo que recibi\u00f3 de parte de Valdez Vargas y lo que signific\u00f3 en su camino para alcanzar la alcald\u00eda de Nuevo Laredo.<\/p>\n\n\n\n<p>\u201cActualmente soy presidenta municipal y en gran medida, es gracias a Jorge Valdez, cuando expres\u00e9 que quer\u00eda ser alcaldesa, \u00e9l fue el primero en decirme que \u00edbamos a luchar con todo nuestro coraz\u00f3n para lograrlo, \u00e9l siempre estuvo a mi lado cuando lo necesit\u00e9 y nunca me permiti\u00f3 rendirme\u201d, expres\u00f3.<\/p>\n\n\n\n<p>La presidenta municipal defini\u00f3 a Valdez Vargas como un hombre que amaba a la vida y a su familia, un luchador social y un pol\u00edtico genuino, leal a sus principios y fiel a sus convicciones.<\/p>\n\n\n\n<p>Durante su desempe\u00f1o en la Administraci\u00f3n 2021-2024, fue fiel a la Cuarta Transformaci\u00f3n y un aliado de la presidenta municipal a quien defendi\u00f3 abiertamente de ataques de la oposici\u00f3n.<\/p>\n\n\n\n<p>Por su honrado perfil, fue nombrado por el cabildo para encabezar la Comisi\u00f3n de la Verdad, conjunto que investiga presuntos casos de corrupci\u00f3n en administraciones anteriores y en la actual.<\/p>\n\n\n\n<p>Estuvieron presentes sus hermanos: Nancy Curiel Vargas, Sandra Valdez Vargas, Ulises Vargas, Saul D\u00edaz Vargas; tambi\u00e9n sus sobrinas, Roxana y Karina Ortegon Valdez.<\/p>\n\n\n\n<p>Excompa\u00f1eros de trabajo aparecieron en el video homenaje y contaron sus experiencias junto a Jorge Osvaldo Valdez Vargas, los cuales fueron: Cuitlahuac Ortega, Ren\u00e9 Bejarano, Dolores Padierna, Olga Sosa Ru\u00edz, Alberto S\u00e1nchez Neri y Ramiro Ramos.<\/p>\n","protected":false},"excerpt":{"rendered":"<p>Nuevo Laredo, Tamps.- En reconocimiento a Jorge Osvaldo Valdez Vargas, quien se desempe\u00f1\u00f3 durante 11 meses como D\u00e9cimo Primer Regidor del Honorable Cabildo y que falleci\u00f3 el pasado 31 de &hellip; <a href=\"http:\/\/revistalaneta.com.mx\/?p=754\" class=\"more-link\">Leer m\u00e1s<\/a><\/p>\n","protected":false},"author":1,"featured_media":0,"comment_status":"open","ping_status":"open","sticky":false,"template":"","format":"standard","meta":{"footnotes":""},"categories":[4],"tags":[],"class_list":["post-754","post","type-post","status-publish","format-standard","hentry","category-nuevo-laredo","entry"],"_links":{"self":[{"href":"http:\/\/revistalaneta.com.mx\/index.php?rest_route=\/wp\/v2\/posts\/754","targetHints":{"allow":["GET"]}}],"collection":[{"href":"http:\/\/revistalaneta.com.mx\/index.php?rest_route=\/wp\/v2\/posts"}],"about":[{"href":"http:\/\/revistalaneta.com.mx\/index.php?rest_route=\/wp\/v2\/types\/post"}],"author":[{"embeddable":true,"href":"http:\/\/revistalaneta.com.mx\/index.php?rest_route=\/wp\/v2\/users\/1"}],"replies":[{"embeddable":true,"href":"http:\/\/revistalaneta.com.mx\/index.php?rest_route=%2Fwp%2Fv2%2Fcomments&post=754"}],"version-history":[{"count":1,"href":"http:\/\/revistalaneta.com.mx\/index.php?rest_route=\/wp\/v2\/posts\/754\/revisions"}],"predecessor-version":[{"id":755,"href":"http:\/\/revistalaneta.com.mx\/index.php?rest_route=\/wp\/v2\/posts\/754\/revisions\/755"}],"wp:attachment":[{"href":"http:\/\/revistalaneta.com.mx\/index.php?rest_route=%2Fwp%2Fv2%2Fmedia&parent=754"}],"wp:term":[{"taxonomy":"category","embeddable":true,"href":"http:\/\/revistalaneta.com.mx\/index.php?rest_route=%2Fwp%2Fv2%2Fcategories&post=754"},{"taxonomy":"post_tag","embeddable":true,"href":"http:\/\/revistalaneta.com.mx\/index.php?rest_route=%2Fwp%2Fv2%2Ftags&post=754"}],"curies":[{"name":"wp","href":"https:\/\/api.w.org\/{rel}","templated":true}]}}