{"id":757,"date":"2022-09-17T19:06:52","date_gmt":"2022-09-17T19:06:52","guid":{"rendered":"http:\/\/revistalaneta.com.mx\/?p=757"},"modified":"2022-09-17T19:07:37","modified_gmt":"2022-09-17T19:07:37","slug":"emotivo-homenaje-a-jorge-valdez","status":"publish","type":"post","link":"http:\/\/revistalaneta.com.mx\/?p=757","title":{"rendered":"EMOTIVO HOMENAJE A JORGE VALDEZ"},"content":{"rendered":"\n<p>Muy emotivo result\u00f3 el homenaje al regidor Jorge Valdez Vargas, que le brind\u00f3 el Cabildo de Nuevo Laredo en la sesi\u00f3n ordinaria de este mi\u00e9rcoles al mediod\u00eda. En el mismo se proyect\u00f3 un video con fotos de Jorge y posteriormente se mostraron video-mensajes de personas allegadas al reconocido pol\u00edtico, tales como Cuitl\u00e1huac Ortega Maldonado, Ren\u00e9 Bejarano Mart\u00ednez, Dolores Padierna Luna, Olga Sosa Ruiz, Alberto S\u00e1nchez Neri y Ramiro Ramos Salinas, quienes trabajaron a su lado en diferentes etapas de su vida, y quienes manifestaron su reconocimiento a la labor emprendida por el neolaredense. Finalmente se dio un mensaje muy conmovedor por parte de la Presidente Municipal, Carmen Lilia Canturosas Villarreal, a quien en dos ocasiones se le quebr\u00f3 la voz al recordar a su amigo, de quien dijo \u201cJorge Valdez siempre estuvo a mi lado cuando lo necesit\u00e9 y nunca me permiti\u00f3 claudicar en tiempos de zozobra\u201d. Y pues s\u00ed, para nadie es desconocido que Jorge Valdez fue art\u00edfice para que Carmen Lilia hoy gobierne en Nuevo Laredo, y por lo tanto la gratitud de la alcaldesa es digna de reconocerse.<\/p>\n\n\n\n<p>APRUEBAN REAJUSTE A PLAN DE OBRAS P\u00daBLICAS<br \/>En la misma sesi\u00f3n del Cabildo de Nuevo Laredo se aprob\u00f3 un reajuste de obra p\u00fablica del programa del Fondo para la Infraestructura Social Municipal para el presente ejercicio 2022, esto luego de lograrse un ahorro de 721 mil 612 pesos en diversas obras de agua potable, drenaje sanitario, electrificaci\u00f3n, pavimentaci\u00f3n, guarniciones, banquetas y edificaciones. La propuesta fue presentada por el regidor Luis Cavazos C\u00e1rdenas, en su calidad de presidente de la Comisi\u00f3n de Asentamientos Humanos y Obras P\u00fablicas y quien dijo que dicho dinero ahorrado ser\u00e1 utilizado para cubrir vol\u00famenes excedentes de otras obras tales como la rehabilitaci\u00f3n del subcolector Leandro Valle, la tuber\u00eda drenaje sanitario de la avenida Guerrero entre Venezuela y Venustiano Carranza, otra m\u00e1s en<br \/>Guerrero entre Per\u00fa y Venezuela, adem\u00e1s de la de Per\u00fa entre Ocampo y Leandro Valle, y de Leandro Valle entre Per\u00fa y Venustiano, as\u00ed como una electrificaci\u00f3n de alumbrado p\u00fablico 123 entre Segundo Anillo Perif\u00e9rico y Art\u00edculo 8 de la colonia Toboganes, obras que ya se est\u00e1n realizando, o est\u00e1n por empezar.<\/p>\n\n\n\n<p>TOMA PROTESTA NORA HINOJOSA COMO DIPUTADA LOCAL<br \/>La ex regidora Nora Hinojosa Garc\u00eda tom\u00f3 protesta como diputada local del Congreso del Estado de Tamaulipas, esto en sustituci\u00f3n de Imelda Sanmiguel S\u00e1nchez, quien ya tiene tiempo que solicit\u00f3 licencia para separarse de su cargo y atender asuntos relacionados con el Partido Acci\u00f3n Nacional (PAN), donde fue designada como secretaria general, por lo que se decidi\u00f3 llamar a su suplente, que en este caso es Nora, que hasta donde se tiene entendido, habr\u00e1 de atender lo relativo al inicio del primero per\u00edodo ordinario de sesiones del segundo a\u00f1o de la actual legislatura, que inicia el primero de octubre. A la par con Nora tambi\u00e9n tom\u00f3 protesta como diputada local Rub\u00ed C\u00f3rdova Facundo, en sustituci\u00f3n de Sandra Luz Garc\u00eda Guajardo, quien a su vez tambi\u00e9n solicit\u00f3 licencia para separarse de su cargo, aunque hasta el momento no se sabe el motivo de su ausencia.<\/p>\n\n\n\n<p>POR UN RATITO, O EN DEFINITIVA<br \/>En el caso de la ausencia de Imelda Sanmiguel S\u00e1nchez, se habla que esta es consecuencia de que todav\u00eda no se define del todo la validez de la nueva directiva estatal del PAN, encabezada por Luis Ren\u00e9 Cant\u00fa Galv\u00e1n en su calidad de presidente, y donde Imelda va como secretaria general, esto dado a que se interpuso una impugnaci\u00f3n. Por lo tanto compete a la Comisi\u00f3n de Justicia del Partido Acci\u00f3n Nacional (PAN) definir al respecto, por orden del TRIELTAM, y esto podr\u00eda tardarse hasta mediados de octubre, y una vez que se defina entonces s\u00ed se regresar\u00eda Imelda al Congreso. Aunque tambi\u00e9n cabe la posibilidad, que de oficializarse su designaci\u00f3n, tal vez tenga que atender de tiempo completo su encargo partidista y ya no regresar a legislar, y entonces Nora quedarse definitivamente en su lugar, pero no hay impedimento para que Imelda atienda las dos labores.<\/p>\n\n\n\n<p>SIGUE DECOMISO DE VEH\u00cdCULOS ABANDONADOS<br \/>Qu\u00e9 bueno que la Direcci\u00f3n de Tr\u00e1nsito Municipal contin\u00faa con el operativo de incautaci\u00f3n de veh\u00edculos \u201cyonqueados\u201d que se encuentran en las calles de la ciudad, y que aparte de dar mala imagen y ocupar espacios, generan focos de infecci\u00f3n. Esta campa\u00f1a prosigue a lo largo y ancho de la ciudad, y basta que la gente denuncie al 072 los veh\u00edculos abandonados, para que personal de tr\u00e1nsito vaya y ponga en los mismos un comunicado exhortando al due\u00f1o a retirarlo del lugar en un espacio de 48 horas, y de no ser as\u00ed entonces la gr\u00faa se los llevar\u00e1 al corral\u00f3n, donde para recuperarlo habr\u00e1 que pagar el arrastre de la unidad y la multa correspondiente. Y es que en la ciudad sigue habiendo muchas unidades motrices en estas condiciones, y urge retirarlos.<\/p>\n\n\n\n<p>MALEZA, MOSCOS Y MOSCAS<br \/>Tras las recientes lluvias hay mucha maleza por doquier, y por ende ya empiezan a proliferar los moscos, y con ello se vienen enfermedades como el dengue, zika y chikingunya, lo cual es de cada temporada oto\u00f1al. Pero en esta ocasi\u00f3n tambi\u00e9n se ha notado la presencia de muchas moscas, de hecho la gente comenta que hay bastantes moscas, m\u00e1s que antes, y no queda m\u00e1s que andar con el matamoscas en la mano, o cuando menos un peri\u00f3dico, para darles mate. Pero bueno volviendo a lo de la intensa maleza, se han visto brigadas de personal municipal cortando el zacatal de la v\u00eda p\u00fablica, pero tambi\u00e9n es necesario que la gente haga lo propio en sus casas, y sobre todo se obligue a los due\u00f1os de terrenos abandonados a limpiarlos, porque si est\u00e1 del nabo el mosquer\u00edo.<\/p>\n\n\n\n<p>\u00a1V\u00c1MONOS AL GRITO!<br \/>No se les olvide que este jueves es la Ceremonia del Grito de Independencia que organiza el Gobierno Municipal de Nuevo Laredo que preside Carmen Lilia Canturosas Villarreal. El evento est\u00e1 programado a iniciar a las siete de la tarde con la presentaci\u00f3n del grupo Pega-Pega, para luego darse la presentaci\u00f3n de Yuri y tambi\u00e9n la de Bobby Pulido. La Ceremonia del Grito ser\u00e1 a las 11 de la noche. Todo esto ser\u00e1 en la explanada Independencia situada entre el Palacio Federal y la plaza Hidalgo, y en la plaza desde las seis de la tarde se tendr\u00e1 tambi\u00e9n el evento Bazar Haciendo Comunidad. \u00a1Vamos pues!<\/p>\n\n\n\n<p>LO \u00daLTIMO<br \/>Muchas felicidades a Priscila V\u00e1zquez Gamboa, quien este jueves est\u00e1 cumpliendo un a\u00f1o m\u00e1s de vida. \u00a1Felicidades!\u2026 La madre superiora Beatriz T\u00e9llez ha sido designada como nueva administradora de la Casa Hogar \u201cEnrique Tom\u00e1s Lozano\u201d. \u00a1Enhorabuena!\u2026 El Cabildo de Nuevo Laredo convoc\u00f3 al profesor Francisco Javier Altamirano Carrasco a presentarse en la pr\u00f3xima sesi\u00f3n de Cabildo para que tome protesta del cargo de regidor, en sustituci\u00f3n de Jorge Valdez Vargas\u2026 Sigue el regidor Enrique Figueroa Rocha llevando apoyo alimentario a sus representados. Es de hecho de los tres miembros del Cabildo que m\u00e1s apoyo conceden en este sentido\u2026 La diputada local Nayeli Lara Monroy estar\u00eda reintegr\u00e1ndose a la bancada de MORENA, esto luego de que en marzo de este a\u00f1o anunciara que se separaba de dicho partido, al considerar que la estaban presionando mucho. Y ahora, a dos semanas de que MORENA gobierne en Tamaulipas, como que \u201cya agarr\u00f3 la onda\u201d de que andaba mal.<\/p>\n","protected":false},"excerpt":{"rendered":"<p>Muy emotivo result\u00f3 el homenaje al regidor Jorge Valdez Vargas, que le brind\u00f3 el Cabildo de Nuevo Laredo en la sesi\u00f3n ordinaria de este mi\u00e9rcoles al mediod\u00eda. En el mismo &hellip; <a href=\"http:\/\/revistalaneta.com.mx\/?p=757\" class=\"more-link\">Leer m\u00e1s<\/a><\/p>\n","protected":false},"author":1,"featured_media":0,"comment_status":"open","ping_status":"open","sticky":false,"template":"","format":"standard","meta":{"footnotes":""},"categories":[2],"tags":[],"class_list":["post-757","post","type-post","status-publish","format-standard","hentry","category-chismorreo","entry"],"_links":{"self":[{"href":"http:\/\/revistalaneta.com.mx\/index.php?rest_route=\/wp\/v2\/posts\/757","targetHints":{"allow":["GET"]}}],"collection":[{"href":"http:\/\/revistalaneta.com.mx\/index.php?rest_route=\/wp\/v2\/posts"}],"about":[{"href":"http:\/\/revistalaneta.com.mx\/index.php?rest_route=\/wp\/v2\/types\/post"}],"author":[{"embeddable":true,"href":"http:\/\/revistalaneta.com.mx\/index.php?rest_route=\/wp\/v2\/users\/1"}],"replies":[{"embeddable":true,"href":"http:\/\/revistalaneta.com.mx\/index.php?rest_route=%2Fwp%2Fv2%2Fcomments&post=757"}],"version-history":[{"count":1,"href":"http:\/\/revistalaneta.com.mx\/index.php?rest_route=\/wp\/v2\/posts\/757\/revisions"}],"predecessor-version":[{"id":758,"href":"http:\/\/revistalaneta.com.mx\/index.php?rest_route=\/wp\/v2\/posts\/757\/revisions\/758"}],"wp:attachment":[{"href":"http:\/\/revistalaneta.com.mx\/index.php?rest_route=%2Fwp%2Fv2%2Fmedia&parent=757"}],"wp:term":[{"taxonomy":"category","embeddable":true,"href":"http:\/\/revistalaneta.com.mx\/index.php?rest_route=%2Fwp%2Fv2%2Fcategories&post=757"},{"taxonomy":"post_tag","embeddable":true,"href":"http:\/\/revistalaneta.com.mx\/index.php?rest_route=%2Fwp%2Fv2%2Ftags&post=757"}],"curies":[{"name":"wp","href":"https:\/\/api.w.org\/{rel}","templated":true}]}}