{"id":766,"date":"2022-09-18T23:10:30","date_gmt":"2022-09-18T23:10:30","guid":{"rendered":"http:\/\/revistalaneta.com.mx\/?p=766"},"modified":"2022-09-18T23:10:51","modified_gmt":"2022-09-18T23:10:51","slug":"vienen-mas-obras-de-rehabilitacion-de-tuberia-de-agua-y-drenaje","status":"publish","type":"post","link":"http:\/\/revistalaneta.com.mx\/?p=766","title":{"rendered":"Vienen m\u00e1s obras de rehabilitaci\u00f3n de tuber\u00eda de agua y drenaje"},"content":{"rendered":"\n<p><\/p>\n\n\n\n<p>Nuevo Laredo, Tamps.- El Gobierno Municipal ha anunciado m\u00e1s obras de rehabilitaci\u00f3n de tuber\u00edas de agua y drenaje, necesarias para el mejoramiento de la ciudad.<\/p>\n\n\n\n<p>As\u00ed pues en la avenida Guerrero, se trabajar\u00e1 en la rehabilitaci\u00f3n de tuber\u00eda de PVC para agua potable de 4 pulgadas de di\u00e1metro.<\/p>\n\n\n\n<p>Mientras que en la avenida Santos Degollado, entre Arteaga y Pino Su\u00e1rez, se realizar\u00e1 la rehabilitaci\u00f3n de tuber\u00eda de agua potable de 4 pulgadas de di\u00e1metro.<\/p>\n\n\n\n<p>En Santos Degollado entre Pino Su\u00e1rez e Hidalgo, se har\u00e1 la rehabilitaci\u00f3n de tuber\u00eda de agua potable de 4 pulgadas de di\u00e1metro.<\/p>\n\n\n\n<p>En la avenida Aquiles Serd\u00e1n, entre Per\u00fa y Venezuela, se har\u00e1 la rehabilitaci\u00f3n de drenaje sanitario de 200 mil\u00edmetros PVC.<\/p>\n\n\n\n<p>Tambi\u00e9n por Aquiles Serd\u00e1n, entre Guatemala y Venezuela, se trabajar\u00e1 en la rehabilitaci\u00f3n de tuber\u00eda de PVC para agua potable de 4 pulgadas de di\u00e1metro.<\/p>\n\n\n\n<p>Igualmente en Aquiles Serd\u00e1n entre Venezuela y Lincoln, se llevar\u00e1 a cabo la rehabilitaci\u00f3n de tuber\u00eda de PVC para agua potable de 4 pulgadas de di\u00e1metro.<\/p>\n\n\n\n<p>Adem\u00e1s en Aquiles Serd\u00e1n, entre la calle Venezuela y Abraham Lincoln, se trabajar\u00e1 en la rehabilitaci\u00f3n de tuber\u00eda de agua potable de 4 pulgadas de di\u00e1metro.<\/p>\n\n\n\n<p>Sobre la avenida Lerdo de Tejada, entre Venezuela y Guatemala, se trabajar\u00e1 en la rehabilitaci\u00f3n de tuber\u00eda PVC para agua potable de 4 pulgadas de di\u00e1metro.<\/p>\n\n\n\n<p>Adem\u00e1s, en Lerdo de Tejada, entre Venezuela y Zaragoza, se har\u00e1 la rehabilitaci\u00f3n de drenaje sanitario de 200 mil\u00edmetros PVC.<\/p>\n\n\n\n<p>Por otra parte, la calle Canales, entre Jes\u00fas Carranza y 20 de noviembre, estar\u00e1 cerrada debido a la rehabilitaci\u00f3n de tuber\u00eda de agua potable, material PVC de 4 pulgadas de di\u00e1metro.<\/p>\n\n\n\n<p>Ah\u00ed mismo en Canales, pero entre 20 de noviembre y Leona Vicario, se har\u00e1 otra rehabilitaci\u00f3n de tuber\u00eda de agua potable, material PVC de 4 pulgadas de di\u00e1metro.<\/p>\n\n\n\n<p>En la calle Guanajuato, entre Antonio Medina y Salinas Puga, habr\u00e1 una rehabilitaci\u00f3n de drenaje sanitario de 200 mil\u00edmetros PVC.<\/p>\n\n\n\n<p>Por \u00faltimo, la obra de rehabilitaci\u00f3n para drenaje sanitario de 200 mil\u00edmetros PVC en la calle Per\u00fa, entre Ocampo y Leandro Valle.<\/p>\n\n\n\n<p>Los trabajos para mejorar la calidad de vida de los neolaredenses tardar\u00e1n de 45 a 90 d\u00edas.<\/p>\n","protected":false},"excerpt":{"rendered":"<p>Nuevo Laredo, Tamps.- El Gobierno Municipal ha anunciado m\u00e1s obras de rehabilitaci\u00f3n de tuber\u00edas de agua y drenaje, necesarias para el mejoramiento de la ciudad. As\u00ed pues en la avenida &hellip; <a href=\"http:\/\/revistalaneta.com.mx\/?p=766\" class=\"more-link\">Leer m\u00e1s<\/a><\/p>\n","protected":false},"author":1,"featured_media":0,"comment_status":"open","ping_status":"open","sticky":false,"template":"","format":"standard","meta":{"footnotes":""},"categories":[4],"tags":[],"class_list":["post-766","post","type-post","status-publish","format-standard","hentry","category-nuevo-laredo","entry"],"_links":{"self":[{"href":"http:\/\/revistalaneta.com.mx\/index.php?rest_route=\/wp\/v2\/posts\/766","targetHints":{"allow":["GET"]}}],"collection":[{"href":"http:\/\/revistalaneta.com.mx\/index.php?rest_route=\/wp\/v2\/posts"}],"about":[{"href":"http:\/\/revistalaneta.com.mx\/index.php?rest_route=\/wp\/v2\/types\/post"}],"author":[{"embeddable":true,"href":"http:\/\/revistalaneta.com.mx\/index.php?rest_route=\/wp\/v2\/users\/1"}],"replies":[{"embeddable":true,"href":"http:\/\/revistalaneta.com.mx\/index.php?rest_route=%2Fwp%2Fv2%2Fcomments&post=766"}],"version-history":[{"count":1,"href":"http:\/\/revistalaneta.com.mx\/index.php?rest_route=\/wp\/v2\/posts\/766\/revisions"}],"predecessor-version":[{"id":767,"href":"http:\/\/revistalaneta.com.mx\/index.php?rest_route=\/wp\/v2\/posts\/766\/revisions\/767"}],"wp:attachment":[{"href":"http:\/\/revistalaneta.com.mx\/index.php?rest_route=%2Fwp%2Fv2%2Fmedia&parent=766"}],"wp:term":[{"taxonomy":"category","embeddable":true,"href":"http:\/\/revistalaneta.com.mx\/index.php?rest_route=%2Fwp%2Fv2%2Fcategories&post=766"},{"taxonomy":"post_tag","embeddable":true,"href":"http:\/\/revistalaneta.com.mx\/index.php?rest_route=%2Fwp%2Fv2%2Ftags&post=766"}],"curies":[{"name":"wp","href":"https:\/\/api.w.org\/{rel}","templated":true}]}}