{"id":769,"date":"2022-09-18T23:12:42","date_gmt":"2022-09-18T23:12:42","guid":{"rendered":"http:\/\/revistalaneta.com.mx\/?p=769"},"modified":"2022-09-18T23:13:04","modified_gmt":"2022-09-18T23:13:04","slug":"centenaria-banda-municipal-ofrecera-concierto-en-centro-comercial","status":"publish","type":"post","link":"http:\/\/revistalaneta.com.mx\/?p=769","title":{"rendered":"Centenaria Banda Municipal ofrecer\u00e1 concierto en centro comercial"},"content":{"rendered":"\n<p><\/p>\n\n\n\n<p>Nuevo Laredo, Tamps.- Este jueves 22 de septiembre de 2022 la Centenaria Banda Municipal se presentar\u00e1 a las 7:00 de la tarde en el centro comercial &#8220;Paseo Reforma&#8221;.<\/p>\n\n\n\n<p>La actividad forma parte del programa &#8220;Jueves de plaza&#8221; que cada semana se lleva a cabo, de manera itinerante, en diferentes espacios p\u00fablicos.<\/p>\n\n\n\n<p>&#8220;El objetivo es llevar un momento de esparcimiento sano a la comunidad que acostumbra pasear en las plazas p\u00fablicas&#8221;, dijo Marcos Rodr\u00edguez Leija.<\/p>\n\n\n\n<p>&#8220;Adem\u00e1s, cabe destacar que contar con una Banda Municipal de M\u00fasica ya no es com\u00fan en muchas ciudades del pa\u00eds, por lo cual, esta actividad forma parte de una tradici\u00f3n en extinci\u00f3n que nosotros, como neolaredenses tenemos la oportunidad de apreciar&#8221;, agreg\u00f3 el Director de Arte y Cultura.<\/p>\n\n\n\n<p>El recital consta de m\u00fasica instrumental diversa que van desde boleros, cha-cha-chas, big band y danzones, entre otros ritmos.<\/p>\n\n\n\n<p>De acuerdo al itinerario de los &#8220;Jueves de plaza&#8221; contemplado para el mes de septiembre el 28 de septiembre tambi\u00e9n se llevar\u00e1 a acabo est\u00e1 actividad pero en la plaza Ju\u00e1rez. Todos y cada uno de los recitales iniciar\u00e1n a partir de las 7:00 de la tarde.<\/p>\n","protected":false},"excerpt":{"rendered":"<p>Nuevo Laredo, Tamps.- Este jueves 22 de septiembre de 2022 la Centenaria Banda Municipal se presentar\u00e1 a las 7:00 de la tarde en el centro comercial &#8220;Paseo Reforma&#8221;. La actividad &hellip; <a href=\"http:\/\/revistalaneta.com.mx\/?p=769\" class=\"more-link\">Leer m\u00e1s<\/a><\/p>\n","protected":false},"author":1,"featured_media":0,"comment_status":"open","ping_status":"open","sticky":false,"template":"","format":"standard","meta":{"footnotes":""},"categories":[4],"tags":[],"class_list":["post-769","post","type-post","status-publish","format-standard","hentry","category-nuevo-laredo","entry"],"_links":{"self":[{"href":"http:\/\/revistalaneta.com.mx\/index.php?rest_route=\/wp\/v2\/posts\/769","targetHints":{"allow":["GET"]}}],"collection":[{"href":"http:\/\/revistalaneta.com.mx\/index.php?rest_route=\/wp\/v2\/posts"}],"about":[{"href":"http:\/\/revistalaneta.com.mx\/index.php?rest_route=\/wp\/v2\/types\/post"}],"author":[{"embeddable":true,"href":"http:\/\/revistalaneta.com.mx\/index.php?rest_route=\/wp\/v2\/users\/1"}],"replies":[{"embeddable":true,"href":"http:\/\/revistalaneta.com.mx\/index.php?rest_route=%2Fwp%2Fv2%2Fcomments&post=769"}],"version-history":[{"count":1,"href":"http:\/\/revistalaneta.com.mx\/index.php?rest_route=\/wp\/v2\/posts\/769\/revisions"}],"predecessor-version":[{"id":770,"href":"http:\/\/revistalaneta.com.mx\/index.php?rest_route=\/wp\/v2\/posts\/769\/revisions\/770"}],"wp:attachment":[{"href":"http:\/\/revistalaneta.com.mx\/index.php?rest_route=%2Fwp%2Fv2%2Fmedia&parent=769"}],"wp:term":[{"taxonomy":"category","embeddable":true,"href":"http:\/\/revistalaneta.com.mx\/index.php?rest_route=%2Fwp%2Fv2%2Fcategories&post=769"},{"taxonomy":"post_tag","embeddable":true,"href":"http:\/\/revistalaneta.com.mx\/index.php?rest_route=%2Fwp%2Fv2%2Ftags&post=769"}],"curies":[{"name":"wp","href":"https:\/\/api.w.org\/{rel}","templated":true}]}}