{"id":778,"date":"2022-09-19T14:38:11","date_gmt":"2022-09-19T14:38:11","guid":{"rendered":"http:\/\/revistalaneta.com.mx\/?p=778"},"modified":"2022-09-19T14:39:00","modified_gmt":"2022-09-19T14:39:00","slug":"ovacionan-a-americo-reaparece-ccr","status":"publish","type":"post","link":"http:\/\/revistalaneta.com.mx\/?p=778","title":{"rendered":"OVACIONAN A AM\u00c9RICO; REAPARECE CCR"},"content":{"rendered":"\n<p>Altamente ovacionado result\u00f3 el gobernador electo de Tamaulipas, Am\u00e9rico Villarreal Anaya, durante la inauguraci\u00f3n del Tercer Congreso Nacional del Movimiento de Regeneraci\u00f3n Nacional, celebrado en la capital del pa\u00eds. Al citarse su nombre se escuch\u00f3 un intenso coro de \u201cGobernador, Gobernador\u201d en pleno apoyo de los morenistas a quien a partir del 1 de octubre mandatar\u00e1 en esta entidad. Am\u00e9rico acudi\u00f3 a dicho evento encabezando la comitiva de delegados de MORENA de Tamaulipas, y entre los que por cierto estuvo la alcaldesa de Nuevo Laredo, Carmen Lilia Canturosas Villarreal, y su hermano el ex alcalde Carlos Canturosas Villarreal, a quienes de hecho Am\u00e9rico salud\u00f3 muy efusivamente. De esta manera CCR, quien port\u00f3 una chamarra guinda con el logotipo de MORENA, volvi\u00f3 a pisar territorio nacional, luego de permanecer por varios meses en Estados Unidos, autoexiliado por la persecuci\u00f3n pol\u00edtica de la que es v\u00edctima por parte del gobierno estatal.<\/p>\n\n\n\n<p>CLAUDIA SHEINBAUM SE LLEVA EL EVENTO<br \/>Y bueno en dicho Congreso Nacional de MORENA se realizaron cambios en los estatutos de dicho partido, as\u00ed como tambi\u00e9n cambios a medias en la dirigencia nacional de MORENA. Y digo que a medias, toda vez que se mantienen Mario Delgado Carrillo, como presidente, y Citlalli Hern\u00e1ndez Mora, como secretaria general, y ah\u00ed estar\u00e1n hasta el 2024. Aparte que Mario Delgado tuvo el \u201cprivilegio\u201d de designar al secretario de finanzas, que en este caso fue Javier Cabiedes Uranga, y al secretario de organizaci\u00f3n, Alejandro Pe\u00f1a Villa. Solo se cambiaron las dem\u00e1s posiciones, que no son muy relevantes, y que a fin de cuentas los designados son leales a Mario Delgado. A su vez como presidente del Consejo Pol\u00edtico Nacional de MORENA qued\u00f3 el gobernador de Sonora, Alfonso Durazo Monta\u00f1o. Y bueno tambi\u00e9n de resaltar que la m\u00e1s ovacionada en el referido congreso fue la Jefa de Gobierno de la Ciudad de M\u00e9xico, Claudia Sheinbaum Pardo, a quien incluso le gritaron \u201cPresidenta, Presidenta\u201d, opacando con ello al Secretario de Gobernaci\u00f3n, Ad\u00e1n Augusto L\u00f3pez Hern\u00e1ndez, quien tambi\u00e9n aspira a la nominaci\u00f3n de MORENA para la Presidencia de la Rep\u00fablica.<\/p>\n\n\n\n<p>POSPONDR\u00c1N PRESENTACI\u00d3N DEL GABINETE ESTATAL<br \/>Todo parece indicar que se pospondr\u00e1 la presentaci\u00f3n del gabinete estatal, que se ten\u00eda contemplado realizar para este lunes 19 de septiembre por parte del gobernador electo, Am\u00e9rico Villarreal Anaya, y probablemente sea hasta el siguiente lunes 26 de septiembre, cuando se de el pronunciamiento. Y es que aunque este lunes s\u00ed habr\u00e1 conferencia, al parecer se van a enfocar m\u00e1s en anunciar las diversas ilegalidades en que est\u00e1 cayendo el gobierno estatal actual, antes de irse. Porque aparte de que en el actual gobierno siguen sin colaborar en el proceso de transici\u00f3n, est\u00e1n adem\u00e1s haciendo cosas indebidas, como eso de la basificaci\u00f3n de 552 trabajadores de la Fiscal\u00eda General de Justicia del Estado, lo que incluso ya fue publicado en el Peri\u00f3dico Oficial del Estado el pasado 13 de septiembre. Y otros detallitos m\u00e1s que se habr\u00e1n de dar a conocer.<\/p>\n\n\n\n<p>RENUNCIA P\u00c9REZ COSS AL ISSSTE<br \/>El doctor Mario P\u00e9rez Coss renunci\u00f3 a la direcci\u00f3n de la Cl\u00ednica \u201cAgosto 12\u201d del Instituto de Seguridad Social al Servicio de los Trabajadores del Estado (ISSSTE) de Nuevo Laredo. Dos a\u00f1os y cinco meses estuvo al frente el doctor de tan importante cargo, y durante ese lapso se lograron importantes cambios y beneficios en dicho nosocomio, empezando por la remodelaci\u00f3n interna del edificio. Y bueno se habla de la posibilidad de que el doctor P\u00e9rez Coss pueda asumir un cargo importante en la Secretar\u00eda de Salud, o cuando menos hacerse cargo de la Jurisdicci\u00f3n Sanitaria N\u00famero 5 de Nuevo Laredo, esto dada la gran amistad que tiene con el gobernador electo, Am\u00e9rico Villarreal Anaya. Y ojal\u00e1, porque la verdad el doctor P\u00e9rez Coss es muy eficiente, y se requieren personas como \u00e9l dentro del nuevo gobierno.<\/p>\n\n\n\n<p>EXITOSA LA CARRERA DEL 20 ANIVERSARIO DE LA UTNL<br \/>Con gran \u00e9xito se llev\u00f3 a cabo la carrera por el Vig\u00e9simo Aniversario de la Universidad Tecnol\u00f3gica de Nuevo Laredo (UTNL) celebrada el domingo por la ma\u00f1ana, tanto dentro de dicho plantel educativo, como en el exterior del mismo, esto en el caso de quienes corrieron los 5K y 10K. El evento estuvo presidido por el Rector de la UTNL, Alfonso Salas P\u00e9rez, quien a la vez hizo entrega de los premios a los ganadores de la competencia. De esta manera la UTNL sigue celebrando en grande los 20 a\u00f1os de haber sido fundada, pero sobre todo celebrando ser semillero de muchos profesionistas.<\/p>\n\n\n\n<p>DA A CONOCER UAT SU PROGRAMA DE MOVILIDAD<br \/>Con la finalidad de que los alumnos de las distintas facultades y unidades acad\u00e9micas de la Universidad Aut\u00f3noma de Tamaulipas (UAT) conozcan las diferentes opciones con que cuentan para hacer una estancia en universidades de M\u00e9xico y el extranjero, la Secretar\u00eda de Gesti\u00f3n Escolar inici\u00f3 las sesiones informativas del Programa de Movilidad Estudiantil. En este tenor cabe apuntar que la UAT tiene convenios con distintas universidades en M\u00e9xico y en el extranjero, lo que permite a sus alumnos cursar algunas materias comunes a su carrera en instituciones de prestigio. Los estudiantes interesados deben hacer su solicitud con meses de anticipaci\u00f3n, y para ello, el personal de la Direcci\u00f3n de Movilidad Acad\u00e9mica brinda asesor\u00edas a quienes deseen aprovechar los beneficios del referido programa.<\/p>\n\n\n\n<p>EL FAT\u00cdDICO 19 DE SEPTIEMBRE<br \/>A ra\u00edz de que en la fecha del 19 de septiembre se han registrado dos sismos en la historia del pa\u00eds, uno en 1985 con miles de muertos, y otro en el 2017, tambi\u00e9n con muchas v\u00edctimas, es que ahora se teme por dicha fecha. Aunque es claro que se trat\u00f3 de una coincidencia que se puede dar una entre un mill\u00f3n, pero como quiera no faltan quienes ya temen a este d\u00eda. Como se recordar\u00e1 en 1985 se registr\u00f3 un sismo de 8.1 grados que dur\u00f3 dos minutos, y cuyo efecto en la Ciudad de M\u00e9xico fue catastr\u00f3fico, pues seg\u00fan las cifras oficiales murieron 3 mil 962 personas. Y en el 2017 se present\u00f3 otro con magnitud de 7.1 grados con epicentro a 12 kil\u00f3metros al sureste de Axochiapan, Morelos, en el l\u00edmite con el estado de Puebla, y en el que perecieron 369 personas, la mayor\u00eda de la Ciudad de M\u00e9xico, donde se sinti\u00f3 con m\u00e1s rigor el fen\u00f3meno.<\/p>\n\n\n\n<p>LO \u00daLTIMO<br \/>Muchas felicidades a mis amigas Nora Morales Morales y Martha Ang\u00e9lica Fern\u00e1ndez, quienes este lunes est\u00e1n cumpliendo un a\u00f1o m\u00e1s de vida. \u00a1Enhorabuena!\u2026 Sigue dando de qu\u00e9 hablar el gran evento de la Ceremonia del Grito organizaci\u00f3n por el Gobierno Municipal de Nuevo Laredo, que encabeza Carmen Lilia Canturosas Villarreal. Y es m\u00e1s, hay quienes dicen que fue el mejor de todo el estado, y de hecho el m\u00e1s concurrido. Bien por ello\u2026 600 atletas participaron en la Carrera Binacional organizada conjuntamente por el Gobierno Municipal de Nuevo Laredo y la Ciudad de Laredo, y que empez\u00f3 en la plaza San Agust\u00edn de la vecina ciudad y termin\u00f3 en la plaza Ju\u00e1rez de esta ciudad fronteriza\u2026 Vienen m\u00e1s aperturas de calles por obras de rehabilitaci\u00f3n de los drenajes solitarios. YU se entiende que es molesta la situaci\u00f3n, pero es algo necesario para mejorar la ciudad\u2026 Mi eterno agradecimiento a todas las personas que acompa\u00f1aron a mi familia y a un servidor en el funeral y sepelio de mi se\u00f1or padre Jos\u00e9 Salvador Rodr\u00edguez Tovar, quien ya descansa en paz. Igualmente, a quienes mandaron sus condolencias. Gracias mil.<\/p>\n","protected":false},"excerpt":{"rendered":"<p>Altamente ovacionado result\u00f3 el gobernador electo de Tamaulipas, Am\u00e9rico Villarreal Anaya, durante la inauguraci\u00f3n del Tercer Congreso Nacional del Movimiento de Regeneraci\u00f3n Nacional, celebrado en la capital del pa\u00eds. Al &hellip; <a href=\"http:\/\/revistalaneta.com.mx\/?p=778\" class=\"more-link\">Leer m\u00e1s<\/a><\/p>\n","protected":false},"author":1,"featured_media":777,"comment_status":"open","ping_status":"open","sticky":false,"template":"","format":"standard","meta":{"footnotes":""},"categories":[2,3],"tags":[],"class_list":["post-778","post","type-post","status-publish","format-standard","has-post-thumbnail","hentry","category-chismorreo","category-opinion","entry"],"_links":{"self":[{"href":"http:\/\/revistalaneta.com.mx\/index.php?rest_route=\/wp\/v2\/posts\/778","targetHints":{"allow":["GET"]}}],"collection":[{"href":"http:\/\/revistalaneta.com.mx\/index.php?rest_route=\/wp\/v2\/posts"}],"about":[{"href":"http:\/\/revistalaneta.com.mx\/index.php?rest_route=\/wp\/v2\/types\/post"}],"author":[{"embeddable":true,"href":"http:\/\/revistalaneta.com.mx\/index.php?rest_route=\/wp\/v2\/users\/1"}],"replies":[{"embeddable":true,"href":"http:\/\/revistalaneta.com.mx\/index.php?rest_route=%2Fwp%2Fv2%2Fcomments&post=778"}],"version-history":[{"count":1,"href":"http:\/\/revistalaneta.com.mx\/index.php?rest_route=\/wp\/v2\/posts\/778\/revisions"}],"predecessor-version":[{"id":779,"href":"http:\/\/revistalaneta.com.mx\/index.php?rest_route=\/wp\/v2\/posts\/778\/revisions\/779"}],"wp:featuredmedia":[{"embeddable":true,"href":"http:\/\/revistalaneta.com.mx\/index.php?rest_route=\/wp\/v2\/media\/777"}],"wp:attachment":[{"href":"http:\/\/revistalaneta.com.mx\/index.php?rest_route=%2Fwp%2Fv2%2Fmedia&parent=778"}],"wp:term":[{"taxonomy":"category","embeddable":true,"href":"http:\/\/revistalaneta.com.mx\/index.php?rest_route=%2Fwp%2Fv2%2Fcategories&post=778"},{"taxonomy":"post_tag","embeddable":true,"href":"http:\/\/revistalaneta.com.mx\/index.php?rest_route=%2Fwp%2Fv2%2Ftags&post=778"}],"curies":[{"name":"wp","href":"https:\/\/api.w.org\/{rel}","templated":true}]}}