{"id":787,"date":"2022-09-19T23:17:30","date_gmt":"2022-09-19T23:17:30","guid":{"rendered":"http:\/\/revistalaneta.com.mx\/?p=787"},"modified":"2022-09-19T23:18:33","modified_gmt":"2022-09-19T23:18:33","slug":"arrancan-festejos-por-el-20-aniversario-de-la-universidad-tecnologica-de-nuevo-laredo","status":"publish","type":"post","link":"http:\/\/revistalaneta.com.mx\/?p=787","title":{"rendered":"Arrancan festejos por el 20 aniversario de la Universidad Tecnol\u00f3gica de Nuevo Laredo"},"content":{"rendered":"\n<p><\/p>\n\n\n\n<p>Nuevo Laredo, Tamps.- Con la celebraci\u00f3n de una carrera atl\u00e9tica se pusieron en marcha de manera oficiales los festejos por el 20 aniversario de la fundaci\u00f3n de la Universidad Tecnol\u00f3gica de Nuevo Laredo (UTNL) que se mantendr\u00e1n durante la presente semana.<br \/>El licenciado Alfonso Salas P\u00e9rez, Rector de la UTNL, dio a conocer sobre las actividades realizadas al momento, tales como la carrera atl\u00e9tica de 10K, 5K y 3K celebrada en las inmediaciones de la universidad, el pasado domingo por la ma\u00f1ana, y con una gran participaci\u00f3n de corredores.<br \/>Asimismo este lunes se llev\u00f3 a la inauguraci\u00f3n de una exposici\u00f3n fotogr\u00e1fica sobre el antes y despu\u00e9s de la universidad, en el transcurso de estos 20 a\u00f1os, y se realiz\u00f3 un panel con la participaci\u00f3n del Coordinador Acad\u00e9mico, ingeniero Mart\u00edn Cruz Arellano, as\u00ed como el catedr\u00e1tico Pablo Buenaventura G\u00f3mez Mar y la Jefa de Servicios Escolares, licenciada Mar\u00eda Enedelia Ramos Rodr\u00edguez, quienes son tres de los fundadores de la instituci\u00f3n y quienes hablaron sobre sus experiencias durante el tiempo laborado en la misma.<br \/>M\u00e1s tarde se devel\u00f3 una placa en honor de la licenciada Mar\u00eda Enedelia Ramos Rodr\u00edguez, dada su gran labor al frente de Servicios Escolares.<br \/>\u201cDimos arranque oficial a las festividades del 20 aniversario de la fundaci\u00f3n de la Universidad Tecnol\u00f3gica de Nuevo Laredo, son 20 a\u00f1os en que hemos aportado a la sociedad, al sector productivo, que hemos formado tantos profesionistas que hoy en d\u00eda unos son docentes, otros est\u00e1n como directivos en la industria, y as\u00ed vamos a estar toda la semana\u201d, dijo Salas P\u00e9rez.<\/p>\n","protected":false},"excerpt":{"rendered":"<p>Nuevo Laredo, Tamps.- Con la celebraci\u00f3n de una carrera atl\u00e9tica se pusieron en marcha de manera oficiales los festejos por el 20 aniversario de la fundaci\u00f3n de la Universidad Tecnol\u00f3gica &hellip; <a href=\"http:\/\/revistalaneta.com.mx\/?p=787\" class=\"more-link\">Leer m\u00e1s<\/a><\/p>\n","protected":false},"author":1,"featured_media":0,"comment_status":"open","ping_status":"open","sticky":false,"template":"","format":"standard","meta":{"footnotes":""},"categories":[4],"tags":[],"class_list":["post-787","post","type-post","status-publish","format-standard","hentry","category-nuevo-laredo","entry"],"_links":{"self":[{"href":"http:\/\/revistalaneta.com.mx\/index.php?rest_route=\/wp\/v2\/posts\/787","targetHints":{"allow":["GET"]}}],"collection":[{"href":"http:\/\/revistalaneta.com.mx\/index.php?rest_route=\/wp\/v2\/posts"}],"about":[{"href":"http:\/\/revistalaneta.com.mx\/index.php?rest_route=\/wp\/v2\/types\/post"}],"author":[{"embeddable":true,"href":"http:\/\/revistalaneta.com.mx\/index.php?rest_route=\/wp\/v2\/users\/1"}],"replies":[{"embeddable":true,"href":"http:\/\/revistalaneta.com.mx\/index.php?rest_route=%2Fwp%2Fv2%2Fcomments&post=787"}],"version-history":[{"count":1,"href":"http:\/\/revistalaneta.com.mx\/index.php?rest_route=\/wp\/v2\/posts\/787\/revisions"}],"predecessor-version":[{"id":788,"href":"http:\/\/revistalaneta.com.mx\/index.php?rest_route=\/wp\/v2\/posts\/787\/revisions\/788"}],"wp:attachment":[{"href":"http:\/\/revistalaneta.com.mx\/index.php?rest_route=%2Fwp%2Fv2%2Fmedia&parent=787"}],"wp:term":[{"taxonomy":"category","embeddable":true,"href":"http:\/\/revistalaneta.com.mx\/index.php?rest_route=%2Fwp%2Fv2%2Fcategories&post=787"},{"taxonomy":"post_tag","embeddable":true,"href":"http:\/\/revistalaneta.com.mx\/index.php?rest_route=%2Fwp%2Fv2%2Ftags&post=787"}],"curies":[{"name":"wp","href":"https:\/\/api.w.org\/{rel}","templated":true}]}}