{"id":796,"date":"2022-09-20T02:02:30","date_gmt":"2022-09-20T02:02:30","guid":{"rendered":"http:\/\/revistalaneta.com.mx\/?p=796"},"modified":"2022-09-20T02:02:46","modified_gmt":"2022-09-20T02:02:46","slug":"lleva-gobierno-municipal-activacion-fisica-a-escuelas","status":"publish","type":"post","link":"http:\/\/revistalaneta.com.mx\/?p=796","title":{"rendered":"Lleva Gobierno Municipal activaci\u00f3n f\u00edsica a escuelas"},"content":{"rendered":"\n<p id=\"m_-3632238430823773473m_-3635661209795735804m_6936452589678136860docs-internal-guid-980641e7-7fff-14ed-5c43-9870d71847b1\"><\/p>\n\n\n\n<p>Nuevo Laredo, Tamps.- El Gobierno Municipal brinda clases de activaci\u00f3n f\u00edsica a los alumnos de diferentes primarias con el objetivo de apoyar a las instituciones educativas y promover el ejercicio entre los estudiantes.\u00a0<\/p>\n\n\n\n<p>Personal de la direcci\u00f3n de Deportes asisten a las escuelas de educaci\u00f3n b\u00e1sica para impartir este programa.<\/p>\n\n\n\n<p>\u201cEsta activaci\u00f3n f\u00edsica consiste en promover la coordinaci\u00f3n motriz de los estudiantes dependiendo del grado y edad\u201d, mencion\u00f3 Salom\u00f3n Valencia Hinojosa, director de Cultura F\u00edsica y Deporte.<\/p>\n\n\n\n<p>Agreg\u00f3 que el objetivo es inculcar actividades de coordinaci\u00f3n motriz&nbsp; a trav\u00e9s de la pr\u00e1ctica, por ejemplo, a los m\u00e1s peque\u00f1os se les imparten din\u00e1micas a trav\u00e9s de la m\u00fasica con movimientos b\u00e1sicos y a los estudiantes a partir de cuarto a\u00f1o, por medio de actividades de desplazamientos, saltos, conos y aros, manejo del bal\u00f3n entre otros.&nbsp;<\/p>\n\n\n\n<p>Tiene una duraci\u00f3n de media hora y es un valor agregado a la clase de educaci\u00f3n f\u00edsica que imparten los maestros asignados de las escuelas.<\/p>\n\n\n\n<p>Los directivos de instituciones educativas que est\u00e9n interesados en contar con clases de activaci\u00f3n f\u00edsica pueden acudir a la oficina de la Direcci\u00f3n de Deportes ubicada en la Unidad Deportiva Benito Ju\u00e1rez.<\/p>\n\n\n\n<p>El personal que maneja este programa estar\u00e1 el martes 20 de septiembre en la escuela Carlos A. Carrillo, y se sumar\u00e1 a la lista de las&nbsp; escuelas ya visitadas como Jes\u00fas Reyes Heroles y Rosendo Caballero.<\/p>\n","protected":false},"excerpt":{"rendered":"<p>Nuevo Laredo, Tamps.- El Gobierno Municipal brinda clases de activaci\u00f3n f\u00edsica a los alumnos de diferentes primarias con el objetivo de apoyar a las instituciones educativas y promover el ejercicio &hellip; <a href=\"http:\/\/revistalaneta.com.mx\/?p=796\" class=\"more-link\">Leer m\u00e1s<\/a><\/p>\n","protected":false},"author":1,"featured_media":0,"comment_status":"open","ping_status":"open","sticky":false,"template":"","format":"standard","meta":{"footnotes":""},"categories":[4],"tags":[],"class_list":["post-796","post","type-post","status-publish","format-standard","hentry","category-nuevo-laredo","entry"],"_links":{"self":[{"href":"http:\/\/revistalaneta.com.mx\/index.php?rest_route=\/wp\/v2\/posts\/796","targetHints":{"allow":["GET"]}}],"collection":[{"href":"http:\/\/revistalaneta.com.mx\/index.php?rest_route=\/wp\/v2\/posts"}],"about":[{"href":"http:\/\/revistalaneta.com.mx\/index.php?rest_route=\/wp\/v2\/types\/post"}],"author":[{"embeddable":true,"href":"http:\/\/revistalaneta.com.mx\/index.php?rest_route=\/wp\/v2\/users\/1"}],"replies":[{"embeddable":true,"href":"http:\/\/revistalaneta.com.mx\/index.php?rest_route=%2Fwp%2Fv2%2Fcomments&post=796"}],"version-history":[{"count":1,"href":"http:\/\/revistalaneta.com.mx\/index.php?rest_route=\/wp\/v2\/posts\/796\/revisions"}],"predecessor-version":[{"id":797,"href":"http:\/\/revistalaneta.com.mx\/index.php?rest_route=\/wp\/v2\/posts\/796\/revisions\/797"}],"wp:attachment":[{"href":"http:\/\/revistalaneta.com.mx\/index.php?rest_route=%2Fwp%2Fv2%2Fmedia&parent=796"}],"wp:term":[{"taxonomy":"category","embeddable":true,"href":"http:\/\/revistalaneta.com.mx\/index.php?rest_route=%2Fwp%2Fv2%2Fcategories&post=796"},{"taxonomy":"post_tag","embeddable":true,"href":"http:\/\/revistalaneta.com.mx\/index.php?rest_route=%2Fwp%2Fv2%2Ftags&post=796"}],"curies":[{"name":"wp","href":"https:\/\/api.w.org\/{rel}","templated":true}]}}