{"id":799,"date":"2022-09-20T02:03:58","date_gmt":"2022-09-20T02:03:58","guid":{"rendered":"http:\/\/revistalaneta.com.mx\/?p=799"},"modified":"2022-09-20T02:04:17","modified_gmt":"2022-09-20T02:04:17","slug":"gobierno-en-ruinas","status":"publish","type":"post","link":"http:\/\/revistalaneta.com.mx\/?p=799","title":{"rendered":"GOBIERNO EN RUINAS"},"content":{"rendered":"\n<p><\/p>\n\n\n\n<p>-Denuncia H\u00e9ctor Villegas<\/p>\n\n\n\n<p>-Cabeza insiste en su plan pendenciero<\/p>\n\n\n\n<p>-Reapareci\u00f3 Canturosas<\/p>\n\n\n\n<p>Tiempo de&nbsp; opinar<\/p>\n\n\n\n<p>Ra\u00fal Hern\u00e1ndez Moreno<\/p>\n\n\n\n<p>El congreso nacional de Morena fue el escenario que escogi\u00f3 el ex alcalde Carlos Canturosas&nbsp; Villarreal para reaparecer en p\u00fablico.<\/p>\n\n\n\n<p>Semanas atr\u00e1s se hab\u00eda reunido en privado en la capital del pa\u00eds con&nbsp; el gobernador electo, Am\u00e9rico Villarreal Guerra y una foto del encuentro se subi\u00f3 a las redes sociales.<\/p>\n\n\n\n<p>Lo de este s\u00e1bado 17 fue diferente. Carlos volvi\u00f3 a tomarse una foto con Am\u00e9rico, ahora en compa\u00f1\u00eda de su hermana Carmen Lilia. La foto &nbsp;mereci\u00f3 much\u00edsimos &nbsp;mensajes de apoyo en las redes sociales.<\/p>\n\n\n\n<p>El encuentro &nbsp;revivi\u00f3, adem\u00e1s, el tema de si a&nbsp; Carlos se le designar\u00e1 Secretario de Gobierno.<\/p>\n\n\n\n<p>Los cabecistas insisten en que Cabeza se va, pero el Fiscal Irving&nbsp; Barrios seguir\u00e1 hasta el 2028 y eso impedir\u00e1 el retorno de Carlos.<\/p>\n\n\n\n<p>Hay que decirles a los cabecistas, que por encima de la Fiscal\u00eda del Estado, esta la Suprema Cortes y que con un amparo definitivo, Irving no le puede hacer nada a Carlos.<\/p>\n\n\n\n<p>En fin, hay que darle tiempo al tiempo. Lo que s\u00ed es verdad que la frase de que los carniceros de hoy ser\u00e1n las Vacas del ma\u00f1ana, cobra vigencia.<\/p>\n\n\n\n<p>En otro tema,&nbsp;Francisco Garc\u00eda Cabeza de Vaca entregar\u00e1 un gobierno en ruinas, advirti\u00f3 H\u00e9ctor Villegas Gonz\u00e1lez, integrante del equipo de transici\u00f3n y subray\u00f3 que &nbsp;\u201cnos entregan un desastre, una administraci\u00f3n desmantelada y un presupuesto muy comprometido. Recibiremos un gobierno en malas condiciones y un estado hipotecado\u201d.<\/p>\n\n\n\n<p>Lo dicho por Villegas est\u00e1 de m\u00e1s. Los&nbsp; tamaulipecos somos &nbsp;v\u00edctimas del peor gobierno en la historia de Tamaulipas.<\/p>\n\n\n\n<p>Con Cabeza la corrupci\u00f3n creci\u00f3 exponencialmente y no hubo avances en ning\u00fan rubro de la administraci\u00f3n y por eso su gobierno es de los peor calificados en el pa\u00eds.<\/p>\n\n\n\n<p>A su vez, la abogada Tania Contreras denunci\u00f3 que es ilegal la suspensi\u00f3n que el Poder Judicial de Tamaulipas orden\u00f3 sobre el fallo del TRIELTAM&nbsp; que determin\u00f3 reponer la Comisi\u00f3n Permanente del Congreso.<\/p>\n\n\n\n<p>Pidi\u00f3 al TRIELTAM y al TRIFE pronunciarse al respecto.<\/p>\n\n\n\n<p>H\u00e9ctor Gonz\u00e1lez, Jes\u00fas Lav\u00edn y Tania Contreras dieron a conocer que a 12 d\u00edas de concluir el proceso entrega recepci\u00f3n no se puede tener una valoraci\u00f3n integral de la situaci\u00f3n administrativa y burocr\u00e1tica de la gobernaci\u00f3n del estado, ya que el gobierno de Cabeza de Vaca ha implementado la \u2018operaci\u00f3n retardo\u2019.<br \/>\u201cEllos no quieren rendir cuentas, ni entregar con transparencia\u201d, indic\u00f3.<br \/>Villegas Gonz\u00e1lez agreg\u00f3 que en la mayor\u00eda de las secretar\u00edas se presenta informaci\u00f3n muy general de las \u00e1reas, sin mostrar datos relevantes que permitan dimensionar el estado real de la dependencia, por ejemplo, en SEDUMA mencionan cu\u00e1ntos veh\u00edculos hay, pero no brindan informaci\u00f3n.<\/p>\n\n\n\n<p>En las Secretar\u00edas de Educaci\u00f3n y Salud, &nbsp;no se puede identificar la existencia de suficiencia presupuestal para el pago de n\u00f3minas del \u00faltimo trimestre del a\u00f1o y dem\u00e1s compromisos de gobierno.<\/p>\n\n\n\n<p>Revel\u00f3 que el Comit\u00e9 de Transici\u00f3n no ha podido determinar el monto exacto de la deuda p\u00fablica, porque se ha tenido acceso limitado a la informaci\u00f3n correspondiente.<br \/>\u201cPero si tenemos muy claro que la situaci\u00f3n financiera del gobierno es mucho m\u00e1s precaria que hace seis a\u00f1os. La gobernaci\u00f3n est\u00e1 m\u00e1s endeudada\u201d.<br \/>\u201cEllos est\u00e1n entregando unos activos inservibles, porque su objetivo es el saboteo del futuro y la obstaculizaci\u00f3n del bienestar del pueblo de Tamaulipas\u201d, acus\u00f3.<\/p>\n\n\n\n<p>Por \u00faltimo, asegur\u00f3 a pesar de los obst\u00e1culos y de la flagrante indisposici\u00f3n para facilitar un decoroso proceso de entrega-recepci\u00f3n, el doctor Am\u00e9rico Villarreal y todo su equipo de colaboradores trabajar\u00e1n para demostrar a las y los tamaulipecos que con hechos se puede ser mejor y que s\u00ed hay alternativa en favor de la Cuarta Transformaci\u00f3n.<\/p>\n\n\n\n<p>Y en medio del desastre financiero y pol\u00edtico, Cabezas sigue en plan pendenciero, envalentonado por la inacci\u00f3n del gobierno federal en su contra.<\/p>\n\n\n\n<p>Insiste, adem\u00e1s, en querer robarse la elecci\u00f3n, a pesar de que los tamaulipecos le dieron la espalda al PAN&nbsp; y por eso&nbsp; hubo una diferencia de 82 mil votos entre Am\u00e9rico y el Truko. Y eso que el PAN compr\u00f3 m\u00e1s de 200 mil&nbsp; votos.<\/p>\n\n\n\n<p>Nosotros insistimos en que hay que cuidarle las manos a los nazis panista en el Congreso para que no intenten en estos pr\u00f3ximos d\u00edas aprobar un acuerdo para desconocer el triunfo de Am\u00e9rico, prolongar el gobierno de Cabeza 12 a\u00f1os m\u00e1s, designar a Cabeza vice-gobernador.<\/p>\n\n\n\n<p>Y es que las nazi-diputados panistas han perdido la raz\u00f3n y la verg\u00fcenza y en su af\u00e1n de quedar bien con su patroncito son capaces de todo, m\u00e1xime que F\u00e9lix Moyo Garc\u00eda cree que el Congreso tiene poder por encima de la Constituci\u00f3n. Todos los nazis son iguales.<\/p>\n","protected":false},"excerpt":{"rendered":"<p>-Denuncia H\u00e9ctor Villegas -Cabeza insiste en su plan pendenciero -Reapareci\u00f3 Canturosas Tiempo de&nbsp; opinar Ra\u00fal Hern\u00e1ndez Moreno El congreso nacional de Morena fue el escenario que escogi\u00f3 el ex alcalde &hellip; <a href=\"http:\/\/revistalaneta.com.mx\/?p=799\" class=\"more-link\">Leer m\u00e1s<\/a><\/p>\n","protected":false},"author":1,"featured_media":0,"comment_status":"open","ping_status":"open","sticky":false,"template":"","format":"standard","meta":{"footnotes":""},"categories":[2,3],"tags":[],"class_list":["post-799","post","type-post","status-publish","format-standard","hentry","category-chismorreo","category-opinion","entry"],"_links":{"self":[{"href":"http:\/\/revistalaneta.com.mx\/index.php?rest_route=\/wp\/v2\/posts\/799","targetHints":{"allow":["GET"]}}],"collection":[{"href":"http:\/\/revistalaneta.com.mx\/index.php?rest_route=\/wp\/v2\/posts"}],"about":[{"href":"http:\/\/revistalaneta.com.mx\/index.php?rest_route=\/wp\/v2\/types\/post"}],"author":[{"embeddable":true,"href":"http:\/\/revistalaneta.com.mx\/index.php?rest_route=\/wp\/v2\/users\/1"}],"replies":[{"embeddable":true,"href":"http:\/\/revistalaneta.com.mx\/index.php?rest_route=%2Fwp%2Fv2%2Fcomments&post=799"}],"version-history":[{"count":1,"href":"http:\/\/revistalaneta.com.mx\/index.php?rest_route=\/wp\/v2\/posts\/799\/revisions"}],"predecessor-version":[{"id":800,"href":"http:\/\/revistalaneta.com.mx\/index.php?rest_route=\/wp\/v2\/posts\/799\/revisions\/800"}],"wp:attachment":[{"href":"http:\/\/revistalaneta.com.mx\/index.php?rest_route=%2Fwp%2Fv2%2Fmedia&parent=799"}],"wp:term":[{"taxonomy":"category","embeddable":true,"href":"http:\/\/revistalaneta.com.mx\/index.php?rest_route=%2Fwp%2Fv2%2Fcategories&post=799"},{"taxonomy":"post_tag","embeddable":true,"href":"http:\/\/revistalaneta.com.mx\/index.php?rest_route=%2Fwp%2Fv2%2Ftags&post=799"}],"curies":[{"name":"wp","href":"https:\/\/api.w.org\/{rel}","templated":true}]}}