{"id":8,"date":"2022-08-10T04:27:25","date_gmt":"2022-08-10T04:27:25","guid":{"rendered":"http:\/\/revistalaneta.com.mx.previewc75.carrierzone.com\/?p=8"},"modified":"2022-08-10T04:27:25","modified_gmt":"2022-08-10T04:27:25","slug":"inicia-dif-nuevo-laredo-inscripciones-a-talleres-cedif","status":"publish","type":"post","link":"http:\/\/revistalaneta.com.mx\/?p=8","title":{"rendered":"Inicia DIF Nuevo Laredo inscripciones a talleres CEDIF"},"content":{"rendered":"<div id=\":ot\" class=\"ii gt\">\n<div id=\":ou\" class=\"a3s aiL \">\n<div dir=\"ltr\">\n<div class=\"gmail_quote\">\n<div dir=\"ltr\">\n<p dir=\"ltr\"><img loading=\"lazy\" decoding=\"async\" class=\"alignnone wp-image-10 size-full\" src=\"http:\/\/revistalaneta.com.mx.previewc75.carrierzone.com\/wp-content\/uploads\/2022\/08\/WhatsApp-Image-2022-08-08-at-12.51.35-PM-2-1.jpeg\" alt=\"Talleres CEDIF\" width=\"1280\" height=\"1040\" \/><\/p>\n<p dir=\"ltr\">Con la intenci\u00f3n de fomentar el autoempleo, el Sistema para el Desarrollo Integral de la Familia (DIF) de Nuevo Laredo que preside la se\u00f1ora Claudette Canturosas de Salinas, invita a la ciudadan\u00eda a inscribirse en los talleres que ser\u00e1n impartidos en los diferentes Centros para el Desarrollo Integral de la Familia (CEDIF)\u00a0 de la ciudad.<\/p>\n<p dir=\"ltr\">Los cursos que se impartir\u00e1n tienen un costo de 50 pesos por mes y los futuros alumnos\u00a0 podr\u00e1n elegir entre clases de manualidades; Belleza, Corte y Confecci\u00f3n,\u00a0 Reposter\u00eda, Zumba, Cocina, Taekwondo.<\/p>\n<p dir=\"ltr\">Las personas interesadas en adquirir alguno de estos\u00a0 nuevos conocimientos deber\u00e1n tener 15 a\u00f1os en adelante, a excepci\u00f3n de las clases de taekwondo donde se aceptar\u00e1n a ni\u00f1os desde los 6 a\u00f1os de edad.<\/p>\n<p dir=\"ltr\">En el CEDIF 2 ubicado en la Colonia Buenos Aires entre la calle Osuna y Madero, se estar\u00e1n dando clases de Belleza, Zumba, Taekwondo, Manualidades, Corte y Confecci\u00f3n y cocina. Para mayor informaci\u00f3n pueden comunicarse al 867-749-12-30.<\/p>\n<p dir=\"ltr\">Mientras que en el CEDIF 3 de la Colonia San Rafael entre las calles Nuevo Le\u00f3n y Art\u00edculo 123, ofrecer\u00e1n talleres de Belleza, Manualidades, Corte y Confecci\u00f3n, Reposter\u00eda, Zumba y Taekwondo. El centro cuenta con el n\u00famero telef\u00f3nico para solicitar m\u00e1s informes: \u00a0 867-714-75-62.<\/p>\n<p dir=\"ltr\">Y en el\u00a0 CEDIF 4 de la Colonia Voluntad y Trabajo, en las calles R\u00edo Nilo y Mayas, se ofrecer\u00e1n clases de Corte y Confecci\u00f3n, Belleza, Cocina y Reposter\u00eda. Para despejar dudas pueden comunicarse al 867-115-1125.<\/p>\n<p dir=\"ltr\">Para inscribirse deber\u00e1n acudir al CEDIF de su preferencia con copias del CURP, acta de nacimiento y del INE, adem\u00e1s, comprobante de domicilio y dos fotograf\u00edas infantiles en un horario de 8:00 de la ma\u00f1ana a 4:00 de la tarde.<\/p>\n<p dir=\"ltr\">El cupo de estos talleres es limitado por lo que se recomienda acudir lo antes posible para poder asegurar un lugar en este nuevo curso de los CEDIF del Sistema DIF de Nuevo Laredo.<\/p>\n<\/div>\n<div class=\"yj6qo\"><\/div>\n<div class=\"adL\"><\/div>\n<\/div>\n<\/div>\n<div class=\"adL\"><\/div>\n<\/div>\n<\/div>\n<div id=\":1e7\" class=\"hq gt\"><\/div>\n","protected":false},"excerpt":{"rendered":"<p>Con la intenci\u00f3n de fomentar el autoempleo, el Sistema para el Desarrollo Integral de la Familia (DIF) de Nuevo Laredo que preside la se\u00f1ora Claudette Canturosas de Salinas, invita a &hellip; <a href=\"http:\/\/revistalaneta.com.mx\/?p=8\" class=\"more-link\">Leer m\u00e1s<\/a><\/p>\n","protected":false},"author":1,"featured_media":0,"comment_status":"open","ping_status":"open","sticky":false,"template":"","format":"standard","meta":{"footnotes":""},"categories":[4],"tags":[],"class_list":["post-8","post","type-post","status-publish","format-standard","hentry","category-nuevo-laredo","entry"],"_links":{"self":[{"href":"http:\/\/revistalaneta.com.mx\/index.php?rest_route=\/wp\/v2\/posts\/8","targetHints":{"allow":["GET"]}}],"collection":[{"href":"http:\/\/revistalaneta.com.mx\/index.php?rest_route=\/wp\/v2\/posts"}],"about":[{"href":"http:\/\/revistalaneta.com.mx\/index.php?rest_route=\/wp\/v2\/types\/post"}],"author":[{"embeddable":true,"href":"http:\/\/revistalaneta.com.mx\/index.php?rest_route=\/wp\/v2\/users\/1"}],"replies":[{"embeddable":true,"href":"http:\/\/revistalaneta.com.mx\/index.php?rest_route=%2Fwp%2Fv2%2Fcomments&post=8"}],"version-history":[{"count":1,"href":"http:\/\/revistalaneta.com.mx\/index.php?rest_route=\/wp\/v2\/posts\/8\/revisions"}],"predecessor-version":[{"id":11,"href":"http:\/\/revistalaneta.com.mx\/index.php?rest_route=\/wp\/v2\/posts\/8\/revisions\/11"}],"wp:attachment":[{"href":"http:\/\/revistalaneta.com.mx\/index.php?rest_route=%2Fwp%2Fv2%2Fmedia&parent=8"}],"wp:term":[{"taxonomy":"category","embeddable":true,"href":"http:\/\/revistalaneta.com.mx\/index.php?rest_route=%2Fwp%2Fv2%2Fcategories&post=8"},{"taxonomy":"post_tag","embeddable":true,"href":"http:\/\/revistalaneta.com.mx\/index.php?rest_route=%2Fwp%2Fv2%2Ftags&post=8"}],"curies":[{"name":"wp","href":"https:\/\/api.w.org\/{rel}","templated":true}]}}