{"id":802,"date":"2022-09-20T02:05:26","date_gmt":"2022-09-20T02:05:26","guid":{"rendered":"http:\/\/revistalaneta.com.mx\/?p=802"},"modified":"2022-09-20T02:06:02","modified_gmt":"2022-09-20T02:06:02","slug":"siguen-las-quejas-del-equipo-de-americo","status":"publish","type":"post","link":"http:\/\/revistalaneta.com.mx\/?p=802","title":{"rendered":"SIGUEN LAS QUEJAS DEL EQUIPO DE AM\u00c9RICO"},"content":{"rendered":"\n<p>En conferencia de prensa sostenida por el coordinador de la recepci\u00f3n del nuevo gobierno Jes\u00fas Lav\u00edn Ver\u00e1stegui, as\u00ed como el responsable de la pol\u00edtica H\u00e9ctor Villegas Gonz\u00e1lez y la asesora jur\u00eddica Tania Contreras L\u00f3pez, lanzaron nuevas acusaciones contra el actual gobierno del estado, que dijeron sigue obstaculizando la labor de la transici\u00f3n de poderes. Asimismo acusaron recibir una administraci\u00f3n desmantelada y un presupuesto muy comprometido, lo que generar\u00e1 que el nuevo sexenio inicie en malas condiciones y con un estado hipotecado. Dijeron que al momento se ha hecho una visita al 81 por ciento de las secretar\u00edas, sin que se haya dado acceso a todas las \u00e1reas, y que el avance es del 30.42 por ciento. Hicieron saber que en la SEDUMA no dan detalles del parque vehicular y que la mega fiscal\u00eda pone en riesgo la gobernabilidad del estado, adem\u00e1s que el otorgamiento de plazas en dicha dependencia, es por dem\u00e1s ilegal, y solo demuestra que se busca garantizar impunidad. \u00a1Sopas perico!<\/p>\n\n\n\n<p>ACUSAN INTROMISI\u00d3N DEL PODER JUDICIAL DEL ESTADO<br \/>En esa misma conferencia la asesora jur\u00eddica, Tania Contreras L\u00f3pez, acus\u00f3 intromisi\u00f3n del Poder Judicial del Estado en contra de la resoluci\u00f3n del Tribunal Electoral a favor de los dos diputados a los que se violaron sus derechos pol\u00edtico-electorales, por lo que hizo un llamado a la Sala Superior y la Sala Regional de Monterrey, del Tribunal Electoral del Poder Judicial de la Federaci\u00f3n para que se pronuncien a la brevedad sobre las controversias presentadas respecto a la intromisi\u00f3n del Supremo Tribunal de Justicia al suspender la sentencia emitida por el Tribunal Electoral local. \u201cTuvimos una intromisi\u00f3n del Poder Judicial del Estado a trav\u00e9s del Supremo Tribunal de Justicia sum\u00e1ndose a los atracos que se dieron desde el Congreso y desde el Poder Ejecutivo; lo que ha sucedido es que se gener\u00f3 una suspensi\u00f3n de un Magistrado para que no se ejecutara la determinaci\u00f3n emitida por el Tribunal Electoral, esta suspensi\u00f3n es inconstitucional, hay una falta de competencia evidente del Supremo Tribunal de Justicia para intervenir en la ejecuci\u00f3n de una orden judicial electoral\u201d, cit\u00f3.<\/p>\n\n\n\n<p>INVIERTE CLCR EN BANQUETAS Y ALUMBRADO<br \/>En un hecho sin precedentes el Gobierno Municipal de Nuevo Laredo que encabeza Carmen Lilia Canturosas Villarreal invirti\u00f3 16 millones de pesos en la construcci\u00f3n de m\u00e1s de 23 mil metros lineales de banquetas en diversas colonias de la localidad, principalmente Reservas Territoriales, El Campanario, Villas de Oradel, Toboganes y La Sand\u00eda, donde se adolec\u00eda justamente de esa estructura y que obviamente genera beneficios a la comunidad, pues simple y sencillamente ya se puede transitar por una banqueta debidamente instalada, y no andar en plena calle, con el riesgo de un atropellamiento. Y otro beneficio tambi\u00e9n otorgado por esta administraci\u00f3n municipal es la instalaci\u00f3n de 21 mil luminarias que de la misma forma mejoran la calidad de vida de los habitantes de los sectores donde se han puesto. De esta forma el gobierno municipal sigue trabajando de manera fehaciente.<\/p>\n\n\n\n<p>\u00a1VAYA MALDICI\u00d3N!<br \/>Apenas en la edici\u00f3n anterior comentaba sobre el temor que ya causa entre los mexicanos el 19 de septiembre, por el hecho de que en esta fecha se registraron los temblores de 1985 y del 2017, \u00a1y que vuelve a temblar! Fue alrededor de las 13:05 horas que empez\u00f3 a temblar tras registrarse un sismo de 7.4 en la escala de Richter con epicentro en Michoac\u00e1n, y que al parecer no caus\u00f3 muchos da\u00f1os, salvo el enorme susto de saber que nuevamente vuelve a temblar un 19 de septiembre. Nada vale que el nuevo sismo se registr\u00f3 minutos despu\u00e9s del simulacro realizado, justamente al celebrarse el D\u00eda Nacional de Protecci\u00f3n Civil. As\u00ed que ahora con m\u00e1s raz\u00f3n se va a estar temiendo cada 19 de septiembre.<\/p>\n\n\n\n<p>MASTOGRAF\u00cdAS GRATIS<br \/>Un total de 250 mastograf\u00edas gratis ofrecer\u00e1 el Club de Leones Centenario en coordinaci\u00f3n con la Cruz Roja de Nuevo Laredo, esto como parte de una campa\u00f1a de prevenci\u00f3n contra el c\u00e1ncer de mama que se realizar\u00e1 en el mes de octubre, que precisamente es el mes del combate a dicha enfermedad. Teresa Escare\u00f1o Canchola, presidenta del Club de Leones Centenario, inform\u00f3 que desde este martes las interesadas, que deben ser madres de 40 a\u00f1os en adelante, pueden llamar a los tel\u00e9fonos 867 740 4320 y 867 740 4323, para recibir informes sobre el registro, y as\u00ed apartar un lugar. Los ex\u00e1menes se iniciar\u00e1n a partir del 3 de octubre y se aplicar\u00e1n en la Cruz Roja.<\/p>\n\n\n\n<p>PUEBLO SIN LEY<br \/>El pasado domingo por la noche fui testigo de como guardias de seguridad de la tienda Smart Carrizo detuvieron a un individuo que intent\u00f3 sustraer mercanc\u00eda sin pagarla. Justo antes de que el individuo saliera, fue sometido por los guardias, quienes lo ficharon internamente \u00a1y luego lo dejaron ir! Yo al preguntarles que por que lo dejaban ir, me dijeron que no ten\u00eda caso llamarle a la polic\u00eda, ya que tardan mucho en llegar, y cuando llegan se ponen m\u00e1s del lado de los malandrines que de la empresa, aparte que es todo un papeleo el poner la denuncia, por lo que mejor optan por soltarlos no sin antes leerles la cartilla de que si reinciden, entonces s\u00ed los van a poner bajo la sombra. Pero as\u00ed las cosas en nuestra ciudad, y todo porque no hay autoridad policiaca. Los polic\u00edas que hay se la pasan pase\u00e1ndose en las patrullas, con el aire acondicionado.<\/p>\n\n\n\n<p>MES DEL TESTAMENTO<br \/>No se les olvide que estamos en el Mes del Testamento, por lo que los costos de la elaboraci\u00f3n de testamentos disminuyen notablemente, todo a fin de que justamente la gente se d\u00e9 tiempo para decidir a quien dejar sus bienes, y as\u00ed eviten que luego los familiares se anden peleando y hasta dejen de hablarse, por la condenada herencia. As\u00ed con testamento, ya se define a quien se le dejan las propiedades y asunto arreglado, aunque luego tambi\u00e9n no faltan quienes se enojan y hasta quieren apelar la decisi\u00f3n de los difuntos, como si hubieran hecho mucho por merecer algo (porque siempre pasa que los que m\u00e1s gritan, son los que menos hicieron por el muertito, como est\u00e1 pasando en el caso de un amigo muy conocido por todos que falleci\u00f3 hace tres semanas).<\/p>\n\n\n\n<p>LO \u00daLTIMO<br \/>Muchas felicidades al licenciado Julio C\u00e9sar Alvarado Garc\u00eda, quien este martes est\u00e1 cumpliendo un a\u00f1o m\u00e1s de vida. \u00a1Enhorabuena mi Lic!.. Tal y como se anunci\u00f3, siempre no se dio a conocer este lunes la lista de los integrantes del pr\u00f3ximo gabinete del gobernador electo, Am\u00e9rico Villarreal Anaya. Se decidi\u00f3 posponerlo hasta nuevo aviso\u2026 El Ayuntamiento de Nuevo Laredo se sum\u00f3 a la realizaci\u00f3n de un simulacro con motivo del 9\/19. Por tal motivo se llev\u00f3 a cabo un organizado desalojo de las oficinas municipales, debidamente coordinado por personal de Protecci\u00f3n Civil\u2026 Todos esos que critican a Sa\u00fal \u00c1lvarez \u201cEl Canelo\u201d, deber\u00edan aguantarle tan solo un minutito arriba del ring, a ver si como ladran muerden\u2026 Con tres terremotos registrados un 19 de septiembre, ni duda cabe que en dicho d\u00eda debe honrarse a San Goloteo en M\u00e9xico.<\/p>\n","protected":false},"excerpt":{"rendered":"<p>En conferencia de prensa sostenida por el coordinador de la recepci\u00f3n del nuevo gobierno Jes\u00fas Lav\u00edn Ver\u00e1stegui, as\u00ed como el responsable de la pol\u00edtica H\u00e9ctor Villegas Gonz\u00e1lez y la asesora &hellip; <a href=\"http:\/\/revistalaneta.com.mx\/?p=802\" class=\"more-link\">Leer m\u00e1s<\/a><\/p>\n","protected":false},"author":1,"featured_media":801,"comment_status":"open","ping_status":"open","sticky":false,"template":"","format":"standard","meta":{"footnotes":""},"categories":[2,3],"tags":[],"class_list":["post-802","post","type-post","status-publish","format-standard","has-post-thumbnail","hentry","category-chismorreo","category-opinion","entry"],"_links":{"self":[{"href":"http:\/\/revistalaneta.com.mx\/index.php?rest_route=\/wp\/v2\/posts\/802","targetHints":{"allow":["GET"]}}],"collection":[{"href":"http:\/\/revistalaneta.com.mx\/index.php?rest_route=\/wp\/v2\/posts"}],"about":[{"href":"http:\/\/revistalaneta.com.mx\/index.php?rest_route=\/wp\/v2\/types\/post"}],"author":[{"embeddable":true,"href":"http:\/\/revistalaneta.com.mx\/index.php?rest_route=\/wp\/v2\/users\/1"}],"replies":[{"embeddable":true,"href":"http:\/\/revistalaneta.com.mx\/index.php?rest_route=%2Fwp%2Fv2%2Fcomments&post=802"}],"version-history":[{"count":1,"href":"http:\/\/revistalaneta.com.mx\/index.php?rest_route=\/wp\/v2\/posts\/802\/revisions"}],"predecessor-version":[{"id":803,"href":"http:\/\/revistalaneta.com.mx\/index.php?rest_route=\/wp\/v2\/posts\/802\/revisions\/803"}],"wp:featuredmedia":[{"embeddable":true,"href":"http:\/\/revistalaneta.com.mx\/index.php?rest_route=\/wp\/v2\/media\/801"}],"wp:attachment":[{"href":"http:\/\/revistalaneta.com.mx\/index.php?rest_route=%2Fwp%2Fv2%2Fmedia&parent=802"}],"wp:term":[{"taxonomy":"category","embeddable":true,"href":"http:\/\/revistalaneta.com.mx\/index.php?rest_route=%2Fwp%2Fv2%2Fcategories&post=802"},{"taxonomy":"post_tag","embeddable":true,"href":"http:\/\/revistalaneta.com.mx\/index.php?rest_route=%2Fwp%2Fv2%2Ftags&post=802"}],"curies":[{"name":"wp","href":"https:\/\/api.w.org\/{rel}","templated":true}]}}