{"id":805,"date":"2022-09-21T00:23:37","date_gmt":"2022-09-21T00:23:37","guid":{"rendered":"http:\/\/revistalaneta.com.mx\/?p=805"},"modified":"2022-09-21T00:23:41","modified_gmt":"2022-09-21T00:23:41","slug":"nuevo-laredo-sera-sede-para-xi-encuentro-internacional-de-escritores","status":"publish","type":"post","link":"http:\/\/revistalaneta.com.mx\/?p=805","title":{"rendered":"Nuevo Laredo ser\u00e1 sede para XI Encuentro Internacional de Escritores"},"content":{"rendered":"\n<p><\/p>\n\n\n\n<p>Nuevo Laredo Tamps.- El Gobierno Municipal, a trav\u00e9s de la Direcci\u00f3n de Arte y Cultura (DAyC) en coordinaci\u00f3n con la universidad UNAM San Antonio y Texas A&amp;M International University (Tamiu), llevar\u00e1 a cabo este 22 de septiembre el D\u00e9cimo Primer Encuentro Internacional de Escritores \u201cLetras en la Frontera 2022\u201d que tendr\u00e1 como invitada de honor a Elena Poniatowska.<\/p>\n\n\n\n<p>En este encuentro participar\u00e1n alrededor de 21 escritores, se realizar\u00e1 de manera simult\u00e1nea en 3 sedes: biblioteca \u201cOctavio Paz\u201d, preparatoria municipal \u201cElena Poniatowska\u201d y Estaci\u00f3n Palabra \u201cGabriel Garc\u00eda M\u00e1rquez\u201d, en un horario de 11:00 de la ma\u00f1ana a 3:00 de la tarde.<\/p>\n\n\n\n<p>En la preparatoria municipal asistir\u00e1 Elena Poniatowska y se har\u00e1 una develaci\u00f3n de placa honor\u00edfica en reconocimiento a su trayectoria.<\/p>\n\n\n\n<p>El director de DAyC, Marcos Rodr\u00edguez Leija, detall\u00f3 que el evento contar\u00e1 con la presentaci\u00f3n de libros, escritos, editoriales y m\u00e1s, as\u00ed como la participaci\u00f3n de acad\u00e9micos, poetas, narradores, ensayistas, entre otros.<\/p>\n\n\n\n<p>\u201cLa idea es establecer v\u00ednculos binacionales y desarrollar estas acciones a trav\u00e9s de una visi\u00f3n metropolitana, tambi\u00e9n queremos que la comunidad local tenga acercamiento con profesionales de alto nivel para que se motiven, aprendan de ellos e impulsen su trabajo\u201d, indic\u00f3.<\/p>\n\n\n\n<p>ELENA PONIATOWSKA<\/p>\n\n\n\n<p>Elena Poniatowska, mexicana de origen franc\u00e9s, es periodista, escritora y profesora; posee una gran trayectoria, ha incursionado en g\u00e9neros literarios como: novela, cuento, poes\u00eda, ensayo, cr\u00f3nicas y tambi\u00e9n cuentos para ni\u00f1os y adaptaciones teatrales.<\/p>\n\n\n\n<p>En 1955 public\u00f3 su primera novela, \u201cLilus Kikus\u201d, entre sus trabajos destacan las cr\u00f3nicas de la matanza estudiantil del 2 de octubre de 1968 y el terremoto de 1985 en Ciudad de M\u00e9xico.<\/p>\n\n\n\n<p>La escritora mexicana posee un premio literario que lleva su nombre, instaurado en 2007 por el Gobierno de la capital mexicana; en el 2013 obtuvo el premio Cervantes, un reconocimiento de literatura en lengua espa\u00f1ola concedido anualmente por el Ministerio de Cultura y Deporte a propuesta de la Asociaci\u00f3n de Academias de la Lengua Espa\u00f1ola.<\/p>\n\n\n\n<p>En Nuevo Laredo, una preparatoria municipal ubicada en el fraccionamiento San Andr\u00e9s lleva su nombre y fue inaugurada en el 2016.<\/p>\n","protected":false},"excerpt":{"rendered":"<p>Nuevo Laredo Tamps.- El Gobierno Municipal, a trav\u00e9s de la Direcci\u00f3n de Arte y Cultura (DAyC) en coordinaci\u00f3n con la universidad UNAM San Antonio y Texas A&amp;M International University (Tamiu), &hellip; <a href=\"http:\/\/revistalaneta.com.mx\/?p=805\" class=\"more-link\">Leer m\u00e1s<\/a><\/p>\n","protected":false},"author":1,"featured_media":804,"comment_status":"open","ping_status":"open","sticky":false,"template":"","format":"standard","meta":{"footnotes":""},"categories":[4],"tags":[],"class_list":["post-805","post","type-post","status-publish","format-standard","has-post-thumbnail","hentry","category-nuevo-laredo","entry"],"_links":{"self":[{"href":"http:\/\/revistalaneta.com.mx\/index.php?rest_route=\/wp\/v2\/posts\/805","targetHints":{"allow":["GET"]}}],"collection":[{"href":"http:\/\/revistalaneta.com.mx\/index.php?rest_route=\/wp\/v2\/posts"}],"about":[{"href":"http:\/\/revistalaneta.com.mx\/index.php?rest_route=\/wp\/v2\/types\/post"}],"author":[{"embeddable":true,"href":"http:\/\/revistalaneta.com.mx\/index.php?rest_route=\/wp\/v2\/users\/1"}],"replies":[{"embeddable":true,"href":"http:\/\/revistalaneta.com.mx\/index.php?rest_route=%2Fwp%2Fv2%2Fcomments&post=805"}],"version-history":[{"count":1,"href":"http:\/\/revistalaneta.com.mx\/index.php?rest_route=\/wp\/v2\/posts\/805\/revisions"}],"predecessor-version":[{"id":806,"href":"http:\/\/revistalaneta.com.mx\/index.php?rest_route=\/wp\/v2\/posts\/805\/revisions\/806"}],"wp:featuredmedia":[{"embeddable":true,"href":"http:\/\/revistalaneta.com.mx\/index.php?rest_route=\/wp\/v2\/media\/804"}],"wp:attachment":[{"href":"http:\/\/revistalaneta.com.mx\/index.php?rest_route=%2Fwp%2Fv2%2Fmedia&parent=805"}],"wp:term":[{"taxonomy":"category","embeddable":true,"href":"http:\/\/revistalaneta.com.mx\/index.php?rest_route=%2Fwp%2Fv2%2Fcategories&post=805"},{"taxonomy":"post_tag","embeddable":true,"href":"http:\/\/revistalaneta.com.mx\/index.php?rest_route=%2Fwp%2Fv2%2Ftags&post=805"}],"curies":[{"name":"wp","href":"https:\/\/api.w.org\/{rel}","templated":true}]}}