{"id":818,"date":"2022-09-21T02:40:04","date_gmt":"2022-09-21T02:40:04","guid":{"rendered":"http:\/\/revistalaneta.com.mx\/?p=818"},"modified":"2022-09-21T02:40:09","modified_gmt":"2022-09-21T02:40:09","slug":"clcr-anuncia-ampliacion-de-carriles-para-regularizar-autos-chocolate","status":"publish","type":"post","link":"http:\/\/revistalaneta.com.mx\/?p=818","title":{"rendered":"CLCR anuncia ampliaci\u00f3n de carriles para regularizar autos &#8220;chocolate&#8221;"},"content":{"rendered":"\n<p><\/p>\n\n\n\n<p>Nuevo Laredo, Tamps.- La alcaldesa Carmen Lilia Canturosas Villarreal, anunci\u00f3 este martes el aumento a 20 carriles en el m\u00f3dulo municipal del Registro P\u00fablico Vehicular (REPUVE) para atender la demanda ante la ampliaci\u00f3n del decreto para la regularizaci\u00f3n de autos \u201cchocolate\u201d.<\/p>\n\n\n\n<p>De acuerdo al Diario Oficial de la Federaci\u00f3n, la nueva fecha para la regularizaci\u00f3n de veh\u00edculos se extender\u00e1 hasta el 31 de diciembre de este a\u00f1o, con el aumento de carriles por parte del Gobierno Municipal, m\u00e1s ciudadanos podr\u00e1n beneficiarse con este programa.<\/p>\n\n\n\n<p>En conferencia dentro de la plataforma \u201cNuevo Laredo Comunica\u201d, la alcaldesa agradeci\u00f3 al presidente de M\u00e9xico, Andr\u00e9s Manuel L\u00f3pez Obrador, por la decisi\u00f3n de alargar este beneficio que brinda certeza jur\u00eddica ante el patrimonio vehicular.<\/p>\n\n\n\n<p>\u201cL\u00f3pez Obrador sabe lo que este programa representa para las fronteras del pa\u00eds, para los gobiernos municipales, pero sobre todo, para los ciudadanos que tienen la oportunidad de legalizar su veh\u00edculo sin afectar su econom\u00eda\u201d, destac\u00f3.<\/p>\n\n\n\n<p>Asegur\u00f3 que el Gobierno Municipal reforzar\u00e1 el apoyo en el m\u00f3dulo de REPUVE ubicado en la sala \u201cSergio Pe\u00f1a\u201d con el aumento de 12 a 20 carriles y as\u00ed brindar atenci\u00f3n r\u00e1pida y de calidad.<\/p>\n\n\n\n<p>\u201cEs un gusto tambi\u00e9n informales que el incremento de carriles ser\u00e1 en los pr\u00f3ximos d\u00edas para que m\u00e1s neolaredenses puedan acceder a este beneficio\u201d, indic\u00f3.<\/p>\n\n\n\n<p>Desde que este m\u00f3dulo inici\u00f3 operaciones hasta la fecha, se han brindado m\u00e1s de mil 953 legalizaciones de veh\u00edculos.<\/p>\n\n\n\n<p>Con la ampliaci\u00f3n del decreto y los carriles, se cumplir\u00e1 el objetivo de atender a m\u00e1s de 640 veh\u00edculos diarios para dar atenci\u00f3n en total a m\u00e1s de 41 mil 600 coches de procedencia extranjera de septiembre a diciembre.<\/p>\n\n\n\n<p>CIUDADANOS AGRADECEN AL GOBIERNO MUNICIPAL POR APOYAR LA REGULARIZACI\u00d3N VEHICULAR<\/p>\n\n\n\n<p>Miguel Angel Herrera Flores, quien acudi\u00f3 al m\u00f3dulo municipal del REPUVE, expres\u00f3 el agradecimiento y preocupaci\u00f3n del Gobierno Municipal para brindar el beneficio de la legalizaci\u00f3n de su veh\u00edculo.<\/p>\n\n\n\n<p>\u201cAhora podr\u00e9 viajar a distintos estados por cualquier motivo sin inconvenientes, agradezco a la alcaldesa estas gestiones que son muy necesarias para todos los mexicanos\u201d, mencion\u00f3.<\/p>\n\n\n\n<p>Jorge Fuentes Velazquez, tambi\u00e9n beneficiado con este programa, resalt\u00f3 que la atenci\u00f3n que le brindaron fue muy r\u00e1pida y sin complicaciones.<\/p>\n\n\n\n<p>\u201cEl trato de los empleados municipales fue excelente y r\u00e1pido, tard\u00e9 aproximadamente 20 minutos y ya tengo mi auto legalizado. Ahora con la extensi\u00f3n del decreto es una gran oportunidad para que aproveche toda la ciudadan\u00eda\u201d, coment\u00f3.<\/p>\n\n\n\n<p>Aldo Arevalo, ciudadano que regulariz\u00f3 su camioneta, detall\u00f3 que su principal inter\u00e9s en tramitar este beneficio es para dar certeza de que \u00e9l es el propietario del veh\u00edculo y conducir un veh\u00edculo legal.<\/p>\n\n\n\n<p>\u201cLas gestiones de la alcaldesa dieron mucha velocidad al tr\u00e1mite y es algo muy bueno para los neolaredenses, adem\u00e1s es de aprovechar el bajo costo que tiene legalizar el auto y los ciudadanos respondimos de buena manera\u201d, dijo.<\/p>\n\n\n\n<p>Los solicitantes previamente tienen que generar una cita en la p\u00e1gina del Gobierno Federal https:\/\/www.regularizaauto.sspc.gob.mx<\/p>\n\n\n\n<p>El tr\u00e1mite es solamente para los autom\u00f3viles modelo 2016 o anteriores y deben de haber entrado en el pa\u00eds antes del 19 de octubre de 2021.<\/p>\n\n\n\n<p>Adem\u00e1s, el d\u00eda de la cita se debe presentar el veh\u00edculo, t\u00edtulo o factura de propiedad del veh\u00edculo, identificaci\u00f3n oficial vigente, comprobante de domicilio no mayor a 3 meses, manifiesto bajo protesta llenado y firmado por el solicitante, comprobante de pago de 2 mil 500 pesos, comprobante impreso de cita de REPUVE.<\/p>\n","protected":false},"excerpt":{"rendered":"<p>Nuevo Laredo, Tamps.- La alcaldesa Carmen Lilia Canturosas Villarreal, anunci\u00f3 este martes el aumento a 20 carriles en el m\u00f3dulo municipal del Registro P\u00fablico Vehicular (REPUVE) para atender la demanda &hellip; <a href=\"http:\/\/revistalaneta.com.mx\/?p=818\" class=\"more-link\">Leer m\u00e1s<\/a><\/p>\n","protected":false},"author":1,"featured_media":0,"comment_status":"open","ping_status":"open","sticky":false,"template":"","format":"standard","meta":{"footnotes":""},"categories":[4],"tags":[],"class_list":["post-818","post","type-post","status-publish","format-standard","hentry","category-nuevo-laredo","entry"],"_links":{"self":[{"href":"http:\/\/revistalaneta.com.mx\/index.php?rest_route=\/wp\/v2\/posts\/818","targetHints":{"allow":["GET"]}}],"collection":[{"href":"http:\/\/revistalaneta.com.mx\/index.php?rest_route=\/wp\/v2\/posts"}],"about":[{"href":"http:\/\/revistalaneta.com.mx\/index.php?rest_route=\/wp\/v2\/types\/post"}],"author":[{"embeddable":true,"href":"http:\/\/revistalaneta.com.mx\/index.php?rest_route=\/wp\/v2\/users\/1"}],"replies":[{"embeddable":true,"href":"http:\/\/revistalaneta.com.mx\/index.php?rest_route=%2Fwp%2Fv2%2Fcomments&post=818"}],"version-history":[{"count":1,"href":"http:\/\/revistalaneta.com.mx\/index.php?rest_route=\/wp\/v2\/posts\/818\/revisions"}],"predecessor-version":[{"id":819,"href":"http:\/\/revistalaneta.com.mx\/index.php?rest_route=\/wp\/v2\/posts\/818\/revisions\/819"}],"wp:attachment":[{"href":"http:\/\/revistalaneta.com.mx\/index.php?rest_route=%2Fwp%2Fv2%2Fmedia&parent=818"}],"wp:term":[{"taxonomy":"category","embeddable":true,"href":"http:\/\/revistalaneta.com.mx\/index.php?rest_route=%2Fwp%2Fv2%2Fcategories&post=818"},{"taxonomy":"post_tag","embeddable":true,"href":"http:\/\/revistalaneta.com.mx\/index.php?rest_route=%2Fwp%2Fv2%2Ftags&post=818"}],"curies":[{"name":"wp","href":"https:\/\/api.w.org\/{rel}","templated":true}]}}