{"id":824,"date":"2022-09-21T02:45:19","date_gmt":"2022-09-21T02:45:19","guid":{"rendered":"http:\/\/revistalaneta.com.mx\/?p=824"},"modified":"2022-09-21T02:46:34","modified_gmt":"2022-09-21T02:46:34","slug":"se-abriran-mas-modulos-para-nacionalizar-vehiculos","status":"publish","type":"post","link":"http:\/\/revistalaneta.com.mx\/?p=824","title":{"rendered":"SE ABRIR\u00c1N M\u00c1S M\u00d3DULOS PARA NACIONALIZAR VEH\u00cdCULOS"},"content":{"rendered":"\n<p><\/p>\n\n\n\n<p>-Se espera atender m\u00e1s de 41 mil unidades en lo que resta del a\u00f1o<\/p>\n\n\n\n<p>-Gobierno de Cabeza atr\u00e1s de ataques: Am\u00e9rico<\/p>\n\n\n\n<p>-Gatell anuncia fin de la pandemia<\/p>\n\n\n\n<p>Tiempo de opinar<\/p>\n\n\n\n<p>Ra\u00fal Hern\u00e1ndez Moreno<\/p>\n\n\n\n<p>La presidenta municipal Carmen Lilia Canturosas anunci\u00f3 este d\u00eda que el m\u00f3dulo del Registro P\u00fablico Vehicular (REPUVE) crecer\u00e1 en los pr\u00f3ximos d\u00edas de 12 a 20 m\u00f3dulos, lo que permitir\u00e1 atender 640 veh\u00edculos diarios.<\/p>\n\n\n\n<p>En conferencia de prensa, dijo que se espera atender a m\u00e1s de 41 mil veh\u00edculos de aqu\u00ed al 31 de diciembre, en que termina el programa de nacionalizaci\u00f3n&nbsp; vehicular.<\/p>\n\n\n\n<p>Hasta la fecha se han nacionalizado 1,953 unidades.<\/p>\n\n\n\n<p>Hasta ahora la nacionalizaci\u00f3n&nbsp; ha estado lenta por la falta de voluntad del gobierno del estado que entorpece el programa, por ser del gobierno federal.<\/p>\n\n\n\n<p>Lo bueno es que a la administraci\u00f3n estatal le quedan 10 d\u00edas y con el pr\u00f3ximo gobierno se podr\u00e1 trabajar con mayor voluntad de servicio&nbsp; hacia la gente.<\/p>\n\n\n\n<p>Mientras&nbsp; tanto, el gobernador electo rechazo los dichos del periodista H\u00e9ctor de Maule\u00f3n, quien el \u00faltimo lunes, public\u00f3 una columna en la que asegura, que el cartel del noreste financi\u00f3 su campa\u00f1a,<\/p>\n\n\n\n<p>Hoy Am\u00e9rico envi\u00f3 una carta a El Universal en la que desmiente a Maule\u00f3n, pero lo m\u00e1s importante es que se\u00f1ala que \u201clos que est\u00e1n detr\u00e1s de la difusi\u00f3n de estas informaciones saben que muy pronto deber\u00e1n rendir cuentas sobre una gesti\u00f3n p\u00fabica impresentable, y respecto a la cual quieren obtener una impunidad que no van a lograr\u201d.<\/p>\n\n\n\n<p>El se\u00f1alamiento es directo: atr\u00e1s de Maul\u00e9\u00f3n est\u00e1 el gobernador Francisco Garc\u00eda Cabeza de Vaca quien durante su sexenio gast\u00f3 casi cuatro mil millones de peso en espacios de opini\u00f3n y publicidad &nbsp;a medios de comunicaci\u00f3n.<\/p>\n\n\n\n<p>La mayor parte de esos recursos se fueron a medios nacionales y tan solo a Latinus, que dirige Carlos Loret de Mola, le pago 6 millones de pesos en el 2021, una suma que ya quisieran algunos peri\u00f3dicos y estaciones de radio de Tamaulipas.<\/p>\n\n\n\n<p>Cabeza le apost\u00f3 a los medios nacionales porque quer\u00eda ser candidato presidencial en el 2024, cobijado por Felipe Calder\u00f3n y su pandilla.<\/p>\n\n\n\n<p>Hoy, con periodicazos como los de Maule\u00f3n y entrevistas pagadas a&nbsp; Ciro G\u00f3mez Leyva, intenta influir&nbsp; en los magistrados de la Sala Superior del Poder Judicial de la Federaci\u00f3n que en los pr\u00f3ximos d\u00edas resolver\u00e1n el recurso de impugnaci\u00f3n que el PAN present\u00f3 por las elecciones del 5 de junio.<\/p>\n\n\n\n<p>El PAN y Cabeza est\u00e1n moralmente derrotados. Lo saben y dan sus \u00faltimas patadas de ahogados.<\/p>\n\n\n\n<p>En Ciudad Victoria, varias decenas de maestros hicieron un plant\u00f3n frente al Palacio Estatal, en protesta porque el gobierno tiene pendientes varios pagos.<\/p>\n\n\n\n<p>A nombre de los inconformes, la profesora Perla Anz\u00faa declar\u00f3 que el gobierno federal ya le transfiri\u00f3 al estatal los recursos para cubrir los pagos pendientes y hay temor de que la administraci\u00f3n actual no los cubra.<\/p>\n\n\n\n<p>Destac\u00f3 que est\u00e1n reclamando el dinero que ya se ganaron con su trabajo.<\/p>\n\n\n\n<p>Esperemos que en la Secretar\u00eda de Educaci\u00f3n no sean tan bandidos como para robarse el dinero de los maestros y eso sucede as\u00ed, que se les finquen responsabilidades a los culpables.<\/p>\n\n\n\n<p>Ya basta de impunidad. Si un funcionario saliente robo&nbsp; dinero del erario que se le castigue, lo mismo si se apoder\u00f3 de cantidades millonarias como si lo hizo con cuatro a cinco mil pesos.<\/p>\n\n\n\n<p>Finalmente ese nefasto ser humano que es Hugo L\u00f3pez Gatell anunci\u00f3 el fin de la pandemia en M\u00e9xico.<\/p>\n\n\n\n<p>Lo mismo anuncio en Estados Unidos el presidente Joe Biden.<\/p>\n\n\n\n<p>Esperemos que el Covid se controle de verdad.<\/p>\n","protected":false},"excerpt":{"rendered":"<p>-Se espera atender m\u00e1s de 41 mil unidades en lo que resta del a\u00f1o -Gobierno de Cabeza atr\u00e1s de ataques: Am\u00e9rico -Gatell anuncia fin de la pandemia Tiempo de opinar &hellip; <a href=\"http:\/\/revistalaneta.com.mx\/?p=824\" class=\"more-link\">Leer m\u00e1s<\/a><\/p>\n","protected":false},"author":1,"featured_media":823,"comment_status":"open","ping_status":"open","sticky":false,"template":"","format":"standard","meta":{"footnotes":""},"categories":[2,3],"tags":[],"class_list":["post-824","post","type-post","status-publish","format-standard","has-post-thumbnail","hentry","category-chismorreo","category-opinion","entry"],"_links":{"self":[{"href":"http:\/\/revistalaneta.com.mx\/index.php?rest_route=\/wp\/v2\/posts\/824","targetHints":{"allow":["GET"]}}],"collection":[{"href":"http:\/\/revistalaneta.com.mx\/index.php?rest_route=\/wp\/v2\/posts"}],"about":[{"href":"http:\/\/revistalaneta.com.mx\/index.php?rest_route=\/wp\/v2\/types\/post"}],"author":[{"embeddable":true,"href":"http:\/\/revistalaneta.com.mx\/index.php?rest_route=\/wp\/v2\/users\/1"}],"replies":[{"embeddable":true,"href":"http:\/\/revistalaneta.com.mx\/index.php?rest_route=%2Fwp%2Fv2%2Fcomments&post=824"}],"version-history":[{"count":1,"href":"http:\/\/revistalaneta.com.mx\/index.php?rest_route=\/wp\/v2\/posts\/824\/revisions"}],"predecessor-version":[{"id":825,"href":"http:\/\/revistalaneta.com.mx\/index.php?rest_route=\/wp\/v2\/posts\/824\/revisions\/825"}],"wp:featuredmedia":[{"embeddable":true,"href":"http:\/\/revistalaneta.com.mx\/index.php?rest_route=\/wp\/v2\/media\/823"}],"wp:attachment":[{"href":"http:\/\/revistalaneta.com.mx\/index.php?rest_route=%2Fwp%2Fv2%2Fmedia&parent=824"}],"wp:term":[{"taxonomy":"category","embeddable":true,"href":"http:\/\/revistalaneta.com.mx\/index.php?rest_route=%2Fwp%2Fv2%2Fcategories&post=824"},{"taxonomy":"post_tag","embeddable":true,"href":"http:\/\/revistalaneta.com.mx\/index.php?rest_route=%2Fwp%2Fv2%2Ftags&post=824"}],"curies":[{"name":"wp","href":"https:\/\/api.w.org\/{rel}","templated":true}]}}