{"id":827,"date":"2022-09-21T02:48:12","date_gmt":"2022-09-21T02:48:12","guid":{"rendered":"http:\/\/revistalaneta.com.mx\/?p=827"},"modified":"2022-09-21T02:48:44","modified_gmt":"2022-09-21T02:48:44","slug":"aprueba-el-pan-solo-una-planilla-para-la-dirigencia","status":"publish","type":"post","link":"http:\/\/revistalaneta.com.mx\/?p=827","title":{"rendered":"APRUEBA EL PAN SOLO UNA PLANILLA PARA LA DIRIGENCIA"},"content":{"rendered":"\n<p>La comisi\u00f3n organizadora del proceso interno que registrar\u00e1 el Partido Acci\u00f3n Nacional (PAN) el pr\u00f3ximo 2 de octubre, emiti\u00f3 los dict\u00e1menes por los cuales se avalan quienes podr\u00e1n competir tanto por los 28 comit\u00e9s municipales donde habr\u00e1 nuevas directivas, como por los consejer\u00edas nacionales y consejer\u00edas estatales, para participar en los pr\u00f3ximos consejos tanto nacional como estatal que se realizar\u00e1n m\u00e1s adelante. Y entre las sorpresas que hay en estos dict\u00e1menes, es que para Nuevo Laredo solo se ha avalado una planilla, de las dos que se presentaron, y esta es la que representa Agust\u00edn Chapa Torres, mientras que la de Alejandro P\u00e1ez Miranda, ha sido desechada, en algo que la verdad ya se esperaba, ya se ve\u00eda venir que iban a bloquear a dicha planilla, al no ser af\u00edn a los intereses del comit\u00e9 estatal.<\/p>\n\n\n\n<p>AGANDALLAN CONSEJER\u00cdAS<br \/>Pero tambi\u00e9n hay sorpresas en la asignaci\u00f3n de los consejeros nacionales, pues los dos aprobados para Nuevo Laredo son la diputada local Imelda Sanmiguel S\u00e1nchez, y el ex diputado local, Francisco Javier Garza de Coss, quien no es de Nuevo Laredo, sino que es de Reynosa. Y a Garza de Coss no se le puso en Reynosa, ya que all\u00e1 qued\u00f3 registrado como consejero var\u00f3n el gobernador Francisco Garc\u00eda Cabeza de Vaca, junto con Danya Silvia Arely Aguilar Orozco (son dos consejeros para cada una de las cinco ciudades involucradas que son Nuevo Laredo, Reynosa, R\u00edo Bravo, Matamoros y Tampico, y se aplica equidad de g\u00e9nero). De hecho en R\u00edo Bravo tambi\u00e9n les endilgaron a Gerardo Pe\u00f1a Flores, quien de la misma forma es de Reynosa. Y en el caso de los consejeros estatales, que para el caso de Nuevo Laredo son ocho, tambi\u00e9n hubo \u201cchanchullo\u201d pues solo cinco son neolaredenses, siendo estos Santiago S\u00e1enz C\u00e1rdenas, Imelda Sanmiguel S\u00e1nchez, Iliana Maribel Medina Garc\u00eda, Alma Rosa Casta\u00f1o Rodr\u00edguez y Samantha Bulas Liguez, pero se agreg\u00f3 al matamorense C\u00e9sar Augusto Rend\u00f3n Garc\u00eda, y a los reynosenses Modesto Garza Gonz\u00e1lez y Ricardo Moreno Aguilar.<\/p>\n\n\n\n<p>INCONFORMIDAD ENTRE PANISTAS<br \/>Todo esto ha generado gran inconformidad entre los panistas neolaredenses, por lo que se augura que pueda haber mitote cuando se celebre la asamblea municipal el pr\u00f3ximo domingo 2 de octubre. Ahora bien, a la mejor a eso le est\u00e1n justamente apostando en el PAN de Tamaulipas, a que haya mitote en el PAN de Nuevo Laredo, para as\u00ed suspender la elecci\u00f3n, y con ello mantener la delegaci\u00f3n en esta ciudad fronteriza, en el entendido de que en ese caso el delegado es puesto directamente por el comit\u00e9 estatal. As\u00ed que a ver cuantos panistas la hacen de tos, porque la verdad que ya muchos se volvieron muy \u201cagachones\u201d.<\/p>\n\n\n\n<p>RENUNCIA RANFERI HINOJOSA AL PARTIDO VERDE<br \/>El reconocido gestor social Ranferi Hinojosa Arzate, anunci\u00f3 a trav\u00e9s de sus redes sociales su renuncia como Secretario de Gestor\u00eda del comit\u00e9 municipal del Partido Verde Ecologista de M\u00e9xico (PVEM) de Nuevo Laredo. El mencionado no dio m\u00e1s detalles, pero dado otros mensajes que subi\u00f3 en sus mismas redes, al parecer fue ofendido por los directivos, que por cierto por ser ricos, creen que la dem\u00e1s gente est\u00e1 a su servicio y por lo tanto pueden hacer con ellos lo que quieren, pero por lo visto con Ranferi se toparon con pared, y ahora les ha renunciado. Y aqu\u00ed quien sale perdiendo es el Partido Verde, pues se les va un valioso elemento, que les estaba acarreando muchos militantes. Pero eso pasa cuando los ni\u00f1os ricos se ponen a jugar al pol\u00edtico.<\/p>\n\n\n\n<p>SE DEFIENDE AM\u00c9RICO DE ACUSACIONES<br \/>De falsa y tendenciosa calific\u00f3 el gobernador electo de Tamaulipas, Am\u00e9rico Villarreal Anaya, la informaci\u00f3n difundida por el columnista de El Universal, H\u00e9ctor de Maule\u00f3n, y en la cual se asegura que su campa\u00f1a fue financiada por un c\u00e1rtel del crimen organizado. A trav\u00e9s de una carta al propio El Universal, Am\u00e9rico dijo no conocer a ninguno de los que De Maule\u00f3n involucra en su comentario, y a la par neg\u00f3 rotundamente cualquier tipo de relaci\u00f3n que lo vincule con los citados, que en este caso vienen a ser un presunto operador del c\u00e1rtel, y dos supuestos elementos de la Marina. Dijo que es la misma metodolog\u00eda injuriosa e in\u00fatil que a lo largo de su campa\u00f1a intentaron sus detractores contra su campa\u00f1a, y que lo siguen haciendo porque saben que muy pronto van a rendir cuentas sobre una gesti\u00f3n p\u00fablica impresentable. Y en este mismo tenor el senador Jos\u00e9 Narro C\u00e9spedes, quien tambi\u00e9n es involucrado en el caso, anunci\u00f3 que se entrevist\u00f3 con el Embajador de Estados Unidos en M\u00e9xico, Ken Salazar, asegurando que se confirm\u00f3 la falsedad de las acusaciones.<\/p>\n\n\n\n<p>PR\u00d3RROGAN LEGALIZACI\u00d3N DE VEH\u00cdCULOS AMERICANOS<br \/>La alcaldesa neolaredense Carmen Lilia Canturosas Villarreal aplaudi\u00f3 la extensi\u00f3n del plazo para la legalizaci\u00f3n de veh\u00edculos americanos, anunciada desde el pasado lunes por el Presidente Andr\u00e9s Manuel L\u00f3pez Obrador, a fin de que m\u00e1s ciudadanos sigan aprovechando dicho beneficio. De hecho desde el mismo lunes la propia alcaldesa anunci\u00f3 la pr\u00f3rroga en sus redes sociales, la cual ser\u00e1 hasta el 31 de diciembre, siendo que inicialmente se anunci\u00f3 que terminar\u00eda el 20 de septiembre. Y en conferencia de prensa ofrecida ayer la alcaldesa ratific\u00f3 su satisfacci\u00f3n y manifest\u00f3 su agradecimiento al mandatario nacional, a la vez que anunci\u00f3 que se incrementar\u00e1 de 12 a 20 los m\u00f3dulos de atenci\u00f3n a los solicitantes de la legalizaci\u00f3n, que se tienen en la sala \u201cSergio Pe\u00f1a\u201d, esto a fin de agilizar al m\u00e1ximo el servicio. Bien por ello.<\/p>\n\n\n\n<p>VIENE ELENA PONIATOWSKA<br \/>La reconocida escritora mexicana Elena Poniatowska, ser\u00e1 la invitada especial del D\u00e9cimo Primer Encuentro Internacional de Escritores \u201cLetras en la Frontera 2022\u201d que organizar\u00e1 el Gobierno Municipal de Nuevo Laredo a trav\u00e9s de la Direcci\u00f3n de Arte y Cultura en coordinaci\u00f3n con la universidad UNAM San Antonio y Texas A&amp;M International University (Tamiu), este pr\u00f3ximo jueves 22 de septiembre en tres sedes locales, siendo estas la biblioteca \u201cOctavio Paz\u201d, la preparatoria municipal \u201cElena Poniatowska\u201d y Estaci\u00f3n Palabra \u201cGabriel Garc\u00eda M\u00e1rquez\u201d, en un horario de 11:00 de la ma\u00f1ana a 3:00 de la tarde. La presencia de Elenita ser\u00e1 en la preparatoria que lleva su mismo nombre, y en cuyo mismo evento se develar\u00e1 una placa en reconocimiento a su gran trayectoria literaria.<\/p>\n\n\n\n<p>SIGUEN HAITIANOS EN NUEVO LAREDO<br \/>Aun cuando ya se fueron de Nuevo Laredo alrededor de 3 mil haitianos, prevalecen cerca de 2 mil que no saben a\u00fan que van hacer, luego de que el gobierno americano suspendiera los tr\u00e1mites migratorios para ellos, a trav\u00e9s de la aduana de Laredo, Texas. Los que ya se fueron se dirigieron a Monterrey, donde han estado viviendo, o bien a otras fronteras donde buscar\u00e1n nuevamente la opci\u00f3n de adentrarse legalmente al lado americano, pero los que siguen podr\u00edan quedarse en la ciudad por largo tiempo, lo que sin duda representa una carga para el gobierno municipal, que ya se anda viendo como subsanarla.<\/p>\n\n\n\n<p>LO \u00daLTIMO<br \/>Muchas felicidades a Gustavo Pantoja Villarreal, a Jos\u00e9 \u00c1ngel Castro Mercado, a Javier \u201cPipo\u201d Pe\u00f1a, a Oziel Ibarra Cant\u00fa y a mi prima Marine Contreras Moreno, quienes este mi\u00e9rcoles est\u00e1n cumpliendo un a\u00f1o m\u00e1s de vida. \u00a1Muchos m\u00e1s d\u00edas de estos!\u2026 Para este mi\u00e9rcoles est\u00e1 programada la inauguraci\u00f3n de la tienda Smart Zapata que se ubica en Prolongaci\u00f3n Monterrey y Emiliano Zapata, en la colonia La Concordia. Y se est\u00e1n anunciado muchas ofertas, por lo que sin duda habr\u00e1 mucha asistencia. Con esto ya suman nueve las tiendas Smart en Nuevo Laredo. Pues los otros Smart son: Fundadores, La Fe, L\u00f3pez de Lara, Canseco, Colinas, Carrizo, Campeche y Universidad\u2026 Despu\u00e9s de muchos a\u00f1os de servicio cerr\u00f3 sus puertas el hotel Quality Inn antes hotel La Hacienda, y a la vez empez\u00f3 a ser demolido, ya que se construir\u00e1 en dicho un sitio un gran centro comercial que incluir\u00e1 una Mi Tienda del Ahorro, de la firma HEB\u2026 A ver si los de la COEPRIS le dan una vueltecita al negocio de las tostadas La Siberia. Ya es muy evidente su falta de higiene, y con eso de que hasta se han filmado ratones y cucarachos en el sitio, bien merece ser inspeccionada. \u00bfO se est\u00e1n mochando con ellos?<\/p>\n","protected":false},"excerpt":{"rendered":"<p>La comisi\u00f3n organizadora del proceso interno que registrar\u00e1 el Partido Acci\u00f3n Nacional (PAN) el pr\u00f3ximo 2 de octubre, emiti\u00f3 los dict\u00e1menes por los cuales se avalan quienes podr\u00e1n competir tanto &hellip; <a href=\"http:\/\/revistalaneta.com.mx\/?p=827\" class=\"more-link\">Leer m\u00e1s<\/a><\/p>\n","protected":false},"author":1,"featured_media":826,"comment_status":"open","ping_status":"open","sticky":false,"template":"","format":"standard","meta":{"footnotes":""},"categories":[2,3],"tags":[],"class_list":["post-827","post","type-post","status-publish","format-standard","has-post-thumbnail","hentry","category-chismorreo","category-opinion","entry"],"_links":{"self":[{"href":"http:\/\/revistalaneta.com.mx\/index.php?rest_route=\/wp\/v2\/posts\/827","targetHints":{"allow":["GET"]}}],"collection":[{"href":"http:\/\/revistalaneta.com.mx\/index.php?rest_route=\/wp\/v2\/posts"}],"about":[{"href":"http:\/\/revistalaneta.com.mx\/index.php?rest_route=\/wp\/v2\/types\/post"}],"author":[{"embeddable":true,"href":"http:\/\/revistalaneta.com.mx\/index.php?rest_route=\/wp\/v2\/users\/1"}],"replies":[{"embeddable":true,"href":"http:\/\/revistalaneta.com.mx\/index.php?rest_route=%2Fwp%2Fv2%2Fcomments&post=827"}],"version-history":[{"count":1,"href":"http:\/\/revistalaneta.com.mx\/index.php?rest_route=\/wp\/v2\/posts\/827\/revisions"}],"predecessor-version":[{"id":828,"href":"http:\/\/revistalaneta.com.mx\/index.php?rest_route=\/wp\/v2\/posts\/827\/revisions\/828"}],"wp:featuredmedia":[{"embeddable":true,"href":"http:\/\/revistalaneta.com.mx\/index.php?rest_route=\/wp\/v2\/media\/826"}],"wp:attachment":[{"href":"http:\/\/revistalaneta.com.mx\/index.php?rest_route=%2Fwp%2Fv2%2Fmedia&parent=827"}],"wp:term":[{"taxonomy":"category","embeddable":true,"href":"http:\/\/revistalaneta.com.mx\/index.php?rest_route=%2Fwp%2Fv2%2Fcategories&post=827"},{"taxonomy":"post_tag","embeddable":true,"href":"http:\/\/revistalaneta.com.mx\/index.php?rest_route=%2Fwp%2Fv2%2Ftags&post=827"}],"curies":[{"name":"wp","href":"https:\/\/api.w.org\/{rel}","templated":true}]}}