{"id":830,"date":"2022-09-22T01:16:52","date_gmt":"2022-09-22T01:16:52","guid":{"rendered":"http:\/\/revistalaneta.com.mx\/?p=830"},"modified":"2022-09-22T01:17:13","modified_gmt":"2022-09-22T01:17:13","slug":"recibe-funcionariado-publico-capacitacion-en-perspectiva-de-derechos-humanos-y-perspectiva-de-genero","status":"publish","type":"post","link":"http:\/\/revistalaneta.com.mx\/?p=830","title":{"rendered":"Recibe funcionariado p\u00fablico capacitaci\u00f3n en perspectiva de Derechos Humanos y Perspectiva de G\u00e9nero"},"content":{"rendered":"\n<p><\/p>\n\n\n\n<p>Nuevo Laredo, Tamps.- Sensibilizar a las y los funcionarios p\u00fablicos, para que puedan generar pol\u00edticas p\u00fablicas con perspectiva de g\u00e9nero y derechos humanos, es parte de los objetivos del proyecto de capacitaci\u00f3n de la Transversalidad 2022, el cual este a\u00f1o busca fortalecer las capacidades y proyectos de quienes brindan un servicio a la ciudadan\u00eda de Nuevo Laredo.<\/p>\n\n\n\n<p>Elizabeth Mu\u00f1oz V\u00e1squez, capacitadora externa en temas de derechos humanos, g\u00e9nero y periodismo con perspectiva de g\u00e9nero, coment\u00f3 que esto es parte del Programa Nacional para la Transversalidad 2022 del INMUJERES M\u00e9xico, donde en la primera y segunda sesi\u00f3n se abord\u00f3 la tem\u00e1tica de la Administraci\u00f3n P\u00fablica con Perspectiva de Derechos Humanos.<\/p>\n\n\n\n<p>\u201cEn esta tercera pl\u00e1tica, ya trabajamos el tema de perspectiva de g\u00e9nero en la administraci\u00f3n p\u00fablica municipal. El objetivo es sensibilizar al funcionariado, para que su trabajo sea basado en el enfoque de derechos humanos y la perspectiva de g\u00e9nero. Esto para mejorar las condiciones de las personas que viven en Nuevo Laredo\u201d, dijo.<\/p>\n\n\n\n<p>El proyecto de este a\u00f1o va dirigido en fortalecer al Inmujer Nuevo Laredo y \u00e9ste a su vez pueda trabajar con el funcionariado p\u00fablico y la ciudadan\u00eda en general, los temas de g\u00e9nero y derechos humanos.<\/p>\n\n\n\n<p>Como primera parte de este proyecto, se realiz\u00f3 un diagn\u00f3stico de necesidades de capacitaci\u00f3n en el municipio, mismo que pr\u00f3ximamente se estar\u00e1 entregando los resultados. Este ejercicio metodol\u00f3gico consisti\u00f3 en un cuestionario de 25 preguntas, el cual se aplic\u00f3 a una muestra de alrededor 314 personas que laboran en el gobierno municipal.<\/p>\n\n\n\n<p>Con base en este diagn\u00f3stico, se ha venido trabajando tanto con personal del INMUJER Nuevo Laredo, con un taller acerca de la importancia de la perspectiva de g\u00e9nero, as\u00ed como 3 pl\u00e1ticas dirigidas al funcionariado p\u00fablico en los rubros de derechos humanos y perspectiva de g\u00e9nero.<\/p>\n\n\n\n<p>Mu\u00f1oz V\u00e1squez a\u00f1adi\u00f3 que durante este proceso de capacitaci\u00f3n ha visto un gran inter\u00e9s de aprender y fortalecer el trabajo que se est\u00e1 desarrollando en la actual administraci\u00f3n.<\/p>\n\n\n\n<p>\u201cLas pol\u00edticas p\u00fablicas son aquellas acciones que realizamos d\u00eda a d\u00eda, en el programa de becas, pavimentaci\u00f3n, agua potable, atenci\u00f3n a la violencia. Pero ahora no solo es generalizar, sino hacer visible lo invisible, mostrando con datos c\u00f3mo se est\u00e1 beneficiando a las mujeres y a los hombres\u201d, mencion\u00f3.<\/p>\n\n\n\n<p>Por \u00faltimo, se\u00f1al\u00f3 que trabajar con perspectiva de derechos humanos y perspectiva de g\u00e9nero, favorece un trabajo multi e interdisciplinario para dar respuesta a las necesidades de la ciudadan\u00eda, basado en estad\u00edsticas y teniendo un panorama m\u00e1s exacto de c\u00f3mo beneficiarse con programas de la administraci\u00f3n p\u00fablica.<\/p>\n","protected":false},"excerpt":{"rendered":"<p>Nuevo Laredo, Tamps.- Sensibilizar a las y los funcionarios p\u00fablicos, para que puedan generar pol\u00edticas p\u00fablicas con perspectiva de g\u00e9nero y derechos humanos, es parte de los objetivos del proyecto &hellip; <a href=\"http:\/\/revistalaneta.com.mx\/?p=830\" class=\"more-link\">Leer m\u00e1s<\/a><\/p>\n","protected":false},"author":1,"featured_media":829,"comment_status":"open","ping_status":"open","sticky":false,"template":"","format":"standard","meta":{"footnotes":""},"categories":[4],"tags":[],"class_list":["post-830","post","type-post","status-publish","format-standard","has-post-thumbnail","hentry","category-nuevo-laredo","entry"],"_links":{"self":[{"href":"http:\/\/revistalaneta.com.mx\/index.php?rest_route=\/wp\/v2\/posts\/830","targetHints":{"allow":["GET"]}}],"collection":[{"href":"http:\/\/revistalaneta.com.mx\/index.php?rest_route=\/wp\/v2\/posts"}],"about":[{"href":"http:\/\/revistalaneta.com.mx\/index.php?rest_route=\/wp\/v2\/types\/post"}],"author":[{"embeddable":true,"href":"http:\/\/revistalaneta.com.mx\/index.php?rest_route=\/wp\/v2\/users\/1"}],"replies":[{"embeddable":true,"href":"http:\/\/revistalaneta.com.mx\/index.php?rest_route=%2Fwp%2Fv2%2Fcomments&post=830"}],"version-history":[{"count":1,"href":"http:\/\/revistalaneta.com.mx\/index.php?rest_route=\/wp\/v2\/posts\/830\/revisions"}],"predecessor-version":[{"id":831,"href":"http:\/\/revistalaneta.com.mx\/index.php?rest_route=\/wp\/v2\/posts\/830\/revisions\/831"}],"wp:featuredmedia":[{"embeddable":true,"href":"http:\/\/revistalaneta.com.mx\/index.php?rest_route=\/wp\/v2\/media\/829"}],"wp:attachment":[{"href":"http:\/\/revistalaneta.com.mx\/index.php?rest_route=%2Fwp%2Fv2%2Fmedia&parent=830"}],"wp:term":[{"taxonomy":"category","embeddable":true,"href":"http:\/\/revistalaneta.com.mx\/index.php?rest_route=%2Fwp%2Fv2%2Fcategories&post=830"},{"taxonomy":"post_tag","embeddable":true,"href":"http:\/\/revistalaneta.com.mx\/index.php?rest_route=%2Fwp%2Fv2%2Ftags&post=830"}],"curies":[{"name":"wp","href":"https:\/\/api.w.org\/{rel}","templated":true}]}}