{"id":836,"date":"2022-09-22T01:20:00","date_gmt":"2022-09-22T01:20:00","guid":{"rendered":"http:\/\/revistalaneta.com.mx\/?p=836"},"modified":"2022-09-22T01:20:23","modified_gmt":"2022-09-22T01:20:23","slug":"denuncia-americo-embestida-de-cdev-en-su-contra-quiere-tumbar-eleccion-con-mentiras","status":"publish","type":"post","link":"http:\/\/revistalaneta.com.mx\/?p=836","title":{"rendered":"Denuncia Am\u00e9rico embestida de CdeV en su contra; quiere tumbar elecci\u00f3n con mentiras"},"content":{"rendered":"\n<p><\/p>\n\n\n\n<p>Cd. Victoria, Tamps.- El gobernador electo de Tamaulipas, doctor Am\u00e9rico Villarreal Anaya denunci\u00f3 una nueva embestida encabezada por Cabeza de Vaca, con base a guerra sucia de descr\u00e9dito e injurias contra su persona y su familia y advirti\u00f3 que el mandatario y la Fiscal\u00eda de Justicia est\u00e1n por utilizar a un Juez de Control para liberar ocho \u00f3rdenes de aprehensi\u00f3n contra \u00e9l y compa\u00f1eros de su movimiento.<\/p>\n\n\n\n<p>\u201cLo que intenta hacer el gobernador saliente, Francisco Javier Garc\u00eda Cabeza de Vaca, y la estructura pol\u00edtica del Partido Acci\u00f3n Nacional, es incidir en una decisi\u00f3n del \u00e1mbito pol\u00edtico-electoral que est\u00e1 pendiente de resoluci\u00f3n, pretendiendo con esto, desconocer el resultado de unas elecciones democr\u00e1ticas, que se realizaron bajo la legalidad y en las cuales obtuvimos un claro y contundente triunfo, producto del apoyo de cientos de miles de tamaulipecos y tamaulipecas\u201d, dijo.<\/p>\n\n\n\n<p>En una conferencia de prensa, este mediod\u00eda, acompa\u00f1ado por su esposa la doctora Mar\u00eda Santiago de Villarreal y por miembros de su Comit\u00e9 de Transici\u00f3n, Tania Contreras y H\u00e9ctor Villegas, el doctor Am\u00e9rico Villarreal reconoci\u00f3 que el retraso en la resoluci\u00f3n por parte de la autoridad electoral encargada de resolver el fallo de la elecci\u00f3n genera incertidumbre, desconfianza y suspicacia.<\/p>\n\n\n\n<p>\u201cPor si esto fuera poco, estas acciones han estado acompa\u00f1adas por una agenda oscura y maquiav\u00e9lica llevada a cabo por Garc\u00eda Cabeza de Vaca, quien en lugar de estar preocupado por enfrentar los procesos pendientes que deber\u00e1 atender en cuanto deje su cargo y su fuero el pr\u00f3ximo 1 de octubre, est\u00e1 totalmente enfocado en seguir lastimando y haci\u00e9ndole da\u00f1o a nuestro estado, entorpeciendo la vida democr\u00e1tica de Tamaulipas como lo hizo durante 6 a\u00f1os\u201d, acus\u00f3.<\/p>\n\n\n\n<p>El doctor Am\u00e9rico Villarreal asegur\u00f3 que Cabeza de Vaca y sus aliados han ca\u00eddo en la total desesperaci\u00f3n, rompiendo todos los l\u00edmites imaginables con un nuevo plan vergonzoso y siniestro que busca imponer medidas de terror judicial para romper la paz social y tratar, infructuosamente, de evitar que la Cuarta Transformaci\u00f3n llegue a Tamaulipas el 01 de octubre.<\/p>\n\n\n\n<p>\u201cHace unos momentos, he recibido informaci\u00f3n de que Francisco Javier Garc\u00eda Cabeza de Vaca se reuni\u00f3 con un juez que lastimosamente parece haberse prestado a un juego sucio y reprobable, para tramitar y liberar \u00f3rdenes de aprehensi\u00f3n en contra de autoridades electas, miembros del partido y contra mi persona\u201d.<\/p>\n\n\n\n<p>En respuesta a los cuestionamientos de los reporteros explic\u00f3 que el Juez de Control Miguel Moreno Castillo que estaba adscrito en Altamira fue removido a ciudad Victoria para que emita \u00f3rdenes de aprehensi\u00f3n contra Eduardo Gatt\u00e1s, Carlos Canturosas, y Manuel Mu\u00f1oz, entre otros.<\/p>\n\n\n\n<p>\u201cEsta medida es inaceptable. Y no lo vamos a permitir. A pesar de esta situaci\u00f3n quiero enviarles un mensaje muy claro y contundente: nosotros estamos dispuestos a enfrentarlos en cualquier escenario, porque la gente nos conoce, sabe qui\u00e9nes somos y sabe tambi\u00e9n que no somos iguales. T\u00e9ngalo presente: los vencimos en las urnas, hemos vencido sus mentiras y calumnias con la verdad, y hoy con la fortaleza que nos da la integridad y la justicia, los vamos a vencer en cualquier escenario que intenten crear, porque tenemos el respaldo de la honestidad, y, sobre todo, tenemos el respaldo del pueblo de Tamaulipas.<\/p>\n\n\n\n<p>No tenemos miedo, y no vamos a descansar hasta darle a Tamaulipas el gobierno que se merece. Ni ustedes ni nadie van a poder detener la transformaci\u00f3n del cambio, del futuro y de la esperanza por la cual la gente vot\u00f3\u201d, expres\u00f3.<\/p>\n\n\n\n<p>Asimismo, destac\u00f3 el apoyo recibido del presidente Andr\u00e9s Manuel L\u00f3pez Obrador y asegur\u00f3 contar con el respaldo tambi\u00e9n del Secretario de Gobernaci\u00f3n, Ad\u00e1n Augusto L\u00f3pez y de toda la dirigencia nacional de Morena.<\/p>\n","protected":false},"excerpt":{"rendered":"<p>Cd. Victoria, Tamps.- El gobernador electo de Tamaulipas, doctor Am\u00e9rico Villarreal Anaya denunci\u00f3 una nueva embestida encabezada por Cabeza de Vaca, con base a guerra sucia de descr\u00e9dito e injurias &hellip; <a href=\"http:\/\/revistalaneta.com.mx\/?p=836\" class=\"more-link\">Leer m\u00e1s<\/a><\/p>\n","protected":false},"author":1,"featured_media":835,"comment_status":"open","ping_status":"open","sticky":false,"template":"","format":"standard","meta":{"footnotes":""},"categories":[7,8],"tags":[],"class_list":["post-836","post","type-post","status-publish","format-standard","has-post-thumbnail","hentry","category-ciudad-victoria","category-tamaulipas-sur","entry"],"_links":{"self":[{"href":"http:\/\/revistalaneta.com.mx\/index.php?rest_route=\/wp\/v2\/posts\/836","targetHints":{"allow":["GET"]}}],"collection":[{"href":"http:\/\/revistalaneta.com.mx\/index.php?rest_route=\/wp\/v2\/posts"}],"about":[{"href":"http:\/\/revistalaneta.com.mx\/index.php?rest_route=\/wp\/v2\/types\/post"}],"author":[{"embeddable":true,"href":"http:\/\/revistalaneta.com.mx\/index.php?rest_route=\/wp\/v2\/users\/1"}],"replies":[{"embeddable":true,"href":"http:\/\/revistalaneta.com.mx\/index.php?rest_route=%2Fwp%2Fv2%2Fcomments&post=836"}],"version-history":[{"count":1,"href":"http:\/\/revistalaneta.com.mx\/index.php?rest_route=\/wp\/v2\/posts\/836\/revisions"}],"predecessor-version":[{"id":837,"href":"http:\/\/revistalaneta.com.mx\/index.php?rest_route=\/wp\/v2\/posts\/836\/revisions\/837"}],"wp:featuredmedia":[{"embeddable":true,"href":"http:\/\/revistalaneta.com.mx\/index.php?rest_route=\/wp\/v2\/media\/835"}],"wp:attachment":[{"href":"http:\/\/revistalaneta.com.mx\/index.php?rest_route=%2Fwp%2Fv2%2Fmedia&parent=836"}],"wp:term":[{"taxonomy":"category","embeddable":true,"href":"http:\/\/revistalaneta.com.mx\/index.php?rest_route=%2Fwp%2Fv2%2Fcategories&post=836"},{"taxonomy":"post_tag","embeddable":true,"href":"http:\/\/revistalaneta.com.mx\/index.php?rest_route=%2Fwp%2Fv2%2Ftags&post=836"}],"curies":[{"name":"wp","href":"https:\/\/api.w.org\/{rel}","templated":true}]}}