{"id":845,"date":"2022-09-22T04:24:04","date_gmt":"2022-09-22T04:24:04","guid":{"rendered":"http:\/\/revistalaneta.com.mx\/?p=845"},"modified":"2022-09-22T04:24:33","modified_gmt":"2022-09-22T04:24:33","slug":"inauguran-segunda-etapa-de-la-plaza-de-la-movilidad-en-la-utnl","status":"publish","type":"post","link":"http:\/\/revistalaneta.com.mx\/?p=845","title":{"rendered":"Inauguran segunda etapa de la Plaza de la Movilidad en la UTNL"},"content":{"rendered":"\n<p><\/p>\n\n\n\n<p>Nuevo Laredo, Tamps.- En el marco del Vig\u00e9simo Aniversario de la Fundaci\u00f3n de la Universidad Tecnol\u00f3gica de Nuevo Laredo (UTNL), directivos, alumnos y ex alumnos de dicha instituci\u00f3n inauguraron la segunda etapa de la Plaza de la Movilidad, la cual est\u00e1 dedicada a los estudiantes que han ido de intercambio a otras universidades del mundo.<br \/>El evento celebrado en las propias instalaciones de la universidad estuvo encabezado por el Rector de la misma, licenciado Alfonso Salas P\u00e9rez, quien aparte de inaugurar un nuevo espacio del Edificio de Lenguas, devel\u00f3 tambi\u00e9n una segunda placa que incluye los nombres de los alumnos que han acudido a otras universidades de pa\u00edses como Francia, Canad\u00e1, Espa\u00f1a, Estados Unidos, Colombia, Per\u00fa y Panam\u00e1, y que es una forma de reconocerles su dedicaci\u00f3n, empe\u00f1o y esfuerzo por superarse.<br \/>Entre los invitados especiales a este evento estuvo la ex alumna Martha Carolina Sep\u00falveda Montemayor, quien fue la primera justamente en acudir de intercambio a una escuela de Canad\u00e1, y quien actualmente labora en una empresa local reconocida a nivel internacional, donde asegura aplica los estudios aprendidos.<br \/>\u201cAfortunadamente tuve la suerte de ser elegida junto con otra compa\u00f1era, Claudia Korey Mac\u00edas Jim\u00e9nez, para formar parte de este primer intercambio, fue a Montreal, nos fuimos a hacer pr\u00e1cticas, cada una en diferente empresa, y la verdad cuando me lo ofrecieron fue una sorpresa muy agradable, no me lo esperaba, y cuando el profesor Carlos Silva me lo propuso, inmediatamente le dije que s\u00ed, claro que no iba a desperdiciar esa oportunidad\u201d, dijo la egresada de la carrera de Log\u00edstica Internacional, y quien evoc\u00f3 que eso fue en el a\u00f1o 2007 y estuvo cuatro meses en la citada ciudad canadiense, junto con su compa\u00f1era.<br \/>Cabe apuntar que la Universidad Tecnol\u00f3gica es el plantel de nivel superior de la localidad que m\u00e1s intercambios de alumnos realiza, lo que ayuda a estos a mejorar su aprendizaje, y sobre todo el manejo de otros idiomas, y con ello tener mayores oportunidades de ocupaci\u00f3n laboral una vez que egresan de la instituci\u00f3n.<\/p>\n","protected":false},"excerpt":{"rendered":"<p>Nuevo Laredo, Tamps.- En el marco del Vig\u00e9simo Aniversario de la Fundaci\u00f3n de la Universidad Tecnol\u00f3gica de Nuevo Laredo (UTNL), directivos, alumnos y ex alumnos de dicha instituci\u00f3n inauguraron la &hellip; <a href=\"http:\/\/revistalaneta.com.mx\/?p=845\" class=\"more-link\">Leer m\u00e1s<\/a><\/p>\n","protected":false},"author":1,"featured_media":844,"comment_status":"open","ping_status":"open","sticky":false,"template":"","format":"standard","meta":{"footnotes":""},"categories":[4],"tags":[],"class_list":["post-845","post","type-post","status-publish","format-standard","has-post-thumbnail","hentry","category-nuevo-laredo","entry"],"_links":{"self":[{"href":"http:\/\/revistalaneta.com.mx\/index.php?rest_route=\/wp\/v2\/posts\/845","targetHints":{"allow":["GET"]}}],"collection":[{"href":"http:\/\/revistalaneta.com.mx\/index.php?rest_route=\/wp\/v2\/posts"}],"about":[{"href":"http:\/\/revistalaneta.com.mx\/index.php?rest_route=\/wp\/v2\/types\/post"}],"author":[{"embeddable":true,"href":"http:\/\/revistalaneta.com.mx\/index.php?rest_route=\/wp\/v2\/users\/1"}],"replies":[{"embeddable":true,"href":"http:\/\/revistalaneta.com.mx\/index.php?rest_route=%2Fwp%2Fv2%2Fcomments&post=845"}],"version-history":[{"count":1,"href":"http:\/\/revistalaneta.com.mx\/index.php?rest_route=\/wp\/v2\/posts\/845\/revisions"}],"predecessor-version":[{"id":846,"href":"http:\/\/revistalaneta.com.mx\/index.php?rest_route=\/wp\/v2\/posts\/845\/revisions\/846"}],"wp:featuredmedia":[{"embeddable":true,"href":"http:\/\/revistalaneta.com.mx\/index.php?rest_route=\/wp\/v2\/media\/844"}],"wp:attachment":[{"href":"http:\/\/revistalaneta.com.mx\/index.php?rest_route=%2Fwp%2Fv2%2Fmedia&parent=845"}],"wp:term":[{"taxonomy":"category","embeddable":true,"href":"http:\/\/revistalaneta.com.mx\/index.php?rest_route=%2Fwp%2Fv2%2Fcategories&post=845"},{"taxonomy":"post_tag","embeddable":true,"href":"http:\/\/revistalaneta.com.mx\/index.php?rest_route=%2Fwp%2Fv2%2Ftags&post=845"}],"curies":[{"name":"wp","href":"https:\/\/api.w.org\/{rel}","templated":true}]}}