{"id":848,"date":"2022-09-22T04:26:46","date_gmt":"2022-09-22T04:26:46","guid":{"rendered":"http:\/\/revistalaneta.com.mx\/?p=848"},"modified":"2022-09-22T04:27:10","modified_gmt":"2022-09-22T04:27:10","slug":"sigue-el-pleito-de-gobernadores","status":"publish","type":"post","link":"http:\/\/revistalaneta.com.mx\/?p=848","title":{"rendered":"SIGUE EL PLEITO DE GOBERNADORES"},"content":{"rendered":"\n<p><br>Mientras que por un lado el gobernador electo Am\u00e9rico Villarreal Anaya, acus\u00f3 en conferencia de prensa que el gobernador todav\u00eda en funciones, Francisco Garc\u00eda Cabeza de Vaca, orden\u00f3 liberar ordenes de aprehensi\u00f3n en su contra, as\u00ed como contra el alcalde de Ciudad Victoria, Eduardo Gattas B\u00e1ez; el ex alcalde neolaredense, Carlos Canturosas Villarreal; el dirigente estatal del Partido Verde, Manuel Mu\u00f1oz Cano y otras cuatro personalidades pol\u00edticas m\u00e1s afines a la Cuarta Transformaci\u00f3n, por otro lado el Gobierno del Estado de Tamaulipas rechaz\u00f3 tales se\u00f1alamientos a trav\u00e9s de un comunicado emitido tras celebrada la referida conferencia en la que Am\u00e9rico estuvo acompa\u00f1ado de su esposa Mar\u00eda de la Luz Santiago de Villarreal, as\u00ed como Tania Contreras L\u00f3pez y H\u00e9ctor Villegas Gonz\u00e1lez, integrantes de su equipo de transici\u00f3n.<\/p>\n\n\n\n<p>ACUSACI\u00d3N Y REPLICA<br \/>En este tenor Am\u00e9rico Villarreal asever\u00f3 que Garc\u00eda Cabeza de Vaca persuadi\u00f3 al Juez de Control, Miguel Moreno Castillo, a que tramitara y liberara tales ordenes de aprehensi\u00f3n, bajo acusaciones inventadas, a la vez que calific\u00f3 dicha acci\u00f3n de inaceptable y asegur\u00f3 que no la van a permitir, y puntualiz\u00f3 que es claro que el actual gobierno sigue empecinado en afectar su imagen. Sin embargo m\u00e1s tarde el Gobierno del Estado emiti\u00f3 el siguiente comunicado: \u201cCon relaci\u00f3n a las declaraciones del Sr. Am\u00e9rico Villarreal Anaya, el Gobierno de Tamaulipas aclara que de acuerdo a una consulta realizada ante la Fiscal\u00eda General de Justicia de Tamaulipas y sus distintas instancias, es falso que existan o que se hayan solicitado \u00f3rdenes de aprehensi\u00f3n en contra de \u00e9l, familiares o colaboradores cercanos, como lo declar\u00f3 p\u00fablicamente este d\u00eda\u201d. Y se agrega que las \u00fanicas ordenes de aprehensi\u00f3n emitidas contra algunas de las personas a las que pudiera referirse el gobernador electo, datan del 2018 y 2021, y sobre las que por tratarse de casos vigentes, no se pueden ofrecer m\u00e1s detalles. As\u00ed pues las dos versiones en torno a esta nueva confrontaci\u00f3n entre los dos gobernadores, el entrante y el saliente.<\/p>\n\n\n\n<p>ELOGIA AMLO A AVA<br \/>Y justamente este mi\u00e9rcoles por la ma\u00f1ana el Presidente Andr\u00e9s Manuel L\u00f3pez Obrador en su conferencia \u201cma\u00f1anera\u201d defendi\u00f3 al doctor Am\u00e9rico Villarreal Anaya de los ataques en su contra, manifestando que lo conoce y tiene el mejor concepto de \u00e9l, a la vez que lo calific\u00f3 como una persona recta y que le dio mucho gusto saber que gan\u00f3 la elecci\u00f3n de Tamaulipas, pues este estado necesita un buen gobierno, una gente honesta como \u00e9l. As\u00ed mismo dijo que no obstante son muchos los intereses, pero que bueno que se hab\u00eda aclarado la situaci\u00f3n, esto en alusi\u00f3n a que el Embajador de Estados Unidos en M\u00e9xico, Ken Salazar, neg\u00f3 haya salido de su gobierno la documentaci\u00f3n bajo la que supuestamente se liga a Am\u00e9rico con el crimen organizado. Y en este mismo tenor el periodista H\u00e9ctor De Maule\u00f3n, quien fue el que difundi\u00f3 tal informaci\u00f3n, ya se disculp\u00f3, pues al parecer \u201clo chamaquearon\u201d.<\/p>\n\n\n\n<p>DEL TRIBUNAL ELECTORAL A LA SUPREMA CORTE<br \/>Si bien es cierto que la sala regional del Tribunal Electoral del Poder Judicial de la Federaci\u00f3n revoc\u00f3 la sentencia del Tribunal Electoral de Tamaulipas en cuanto a la ordenanza que se dio al Congreso del Estado de invalidar los acuerdos legislativos de la sesi\u00f3n del 30 de junio, y que se prolong\u00f3 hasta la madrugada del 1 de julio, bajo el argumento de que el TRIELTAM se excedi\u00f3 en sus funciones, pues no se trataba de un caso electoral, y por lo tanto dichos acuerdos quedaron como v\u00e1lidos, hay que considerar que ahora la bancada de MORENA podr\u00e1 llevar el tema ante la Suprema Corte de Justicia de la Naci\u00f3n (SCJN), al ser este un asunto legal, pero por mientras y por lo tanto lo aprobado en aquella marat\u00f3nica sesi\u00f3n, es legal, mientras no se decida lo contrario.<\/p>\n\n\n\n<p>SUSPENDER\u00c1N SERVICIO DE AGUA POTABLE AL PONIENTE<br \/>A partir de las ocho de la ma\u00f1ana de este jueves se suspender\u00e1 el servicio de agua potable en gran parte del poniente de la ciudad, y es probable que el servicio se reanude hasta la madrugada del viernes. A trav\u00e9s de un comunicado la Comisi\u00f3n Municipal de Agua Potable y Alcantarillado (COMAPA) dio a conocer sobre lo anterior, indicando que esto ser\u00e1 debido a la reparaci\u00f3n de una l\u00ednea rota de 24 pulgadas de di\u00e1metro en la colonia Naciones Unidas, que va a demorar casi 16 horas. Por lo tanto se suspender\u00e1 el servicio de la Planta Norte, que suministra el vital l\u00edquido a las colonias Reservas Territoriales, Fraccionamiento El Progreso, Naciones Unidas 1 y 2, Los Artistas, Nueva Victoria, Olivos 1 y2, Fraccionamiento Cumbres, Arboledas, Guerreros del Sol, Bonitos Toboganes, Uni\u00f3n del Recuerdo, Bayito y Nuevo Bayito. \u00a1A llenar botes de agua!<\/p>\n\n\n\n<p>EN MARCHA EL PROGRAMA DE \u201cTRANSPORTE ESCOLAR\u201d<br \/>Fue puesto en marcha por la Presidenta Municipal de Nuevo Laredo, Carmen Lilia Canturosas Villarreal el programa de \u201cTransporte Escolar\u201d, el cual beneficiar\u00e1 a mil 400 estudiantes de educaci\u00f3n b\u00e1sica y media superior. Fue en la Escuela Preparatoria Municipal \u201cJos\u00e9 Vasconcelos\u201d donde la alcaldesa dio el arranque a este importante programa que garantiza un servicio de transporte de calidad y seguro de los estudiantes hacia sus centros de estudio. En este sentido se anunci\u00f3 que en una primera etapa el servicio de transporte favorecer\u00e1 a estudiantes de 24 planteles educativos, siendo estas 18 primarias, siendo estas: \u201cDonaciano Echavarr\u00eda 1\u201d, \u201cDonaciano Echavarr\u00eda 2\u201d, \u201cEstado de Tamaulipas\u201d, \u201cGeneral Ignacio Zaragoza\u201d, \u201cIgnacio Jos\u00e9 Allende y Unzaga\u201d, \u201cProfesor Graciano S\u00e1nchez Romo\u201d, \u201cBenem\u00e9rita Revoluci\u00f3n\u201d, \u201cAquiles Serd\u00e1n\u201d, \u201c20 de Noviembre\u201d, \u201cClub de Leones 1\u201d, \u201cClub de Leones 2\u201d, \u201cCuauht\u00e9moc\u201d, \u201cJos\u00e9 Mar\u00eda Morelos\u201d, \u201cJuan N, Mancillas Cant\u00fa\u201d, \u201cMart\u00edn M. Herrera\u201d, \u201cMiguel F. Mart\u00ednez\u201d, \u201cVicente Guerrero\u201d, y \u201cManuela Medina\u201d, as\u00ed como la secundaria vespertina \u201cH\u00e9ctor Bola\u00f1os Calzado\u201d y las preparatorias de turno matutino: \u201cElena Poniatowska\u201d, \u201cJos\u00e9 Vasconcelos\u201d, \u201cCOBAT 18\u201d y \u201cCOBAT 23\u201d, y la vespertina \u201cManuel G\u00f3mez Mor\u00edn\u201d. Bien por ello.<\/p>\n\n\n\n<p>PLANEAN CONSTRUIR NUEVA PREPARATORIA MUNICIPAL<br \/>Una nueva preparatoria municipal planea construir la alcaldesa Carmen Lilia Canturosas Villarreal al sur de la ciudad, toda vez que para dicho sector se adolece de un plantel de ese nivel. Esto lo inform\u00f3 la propia Carmen Lilia en conferencia de prensa, manifestando que ya se est\u00e1 buscando un terreno donde pueda quedar la escuela, y a la vez viendo si se puede incluir en el programa de obra p\u00fablica del 2023, y que quede ese mismo a\u00f1o, para el servicio de los habitantes de aquella zona. Carmen Lilia que en breve se estar\u00e1n entregando uniformes escolares a alumnos de educaci\u00f3n b\u00e1sica. Con esto se confirma una vez m\u00e1s el gran apoyo de la alcaldesa neolaredense al sector educativo.<\/p>\n\n\n\n<p>PONE EN MARCHA LA UAT TALLERES PARA REFORMA CURRICULAR<br \/>El Rector de la Universidad Aut\u00f3noma de Tamaulipas (UAT), Guillermo Mendoza Cavazos, puso en marcha los talleres de capacitaci\u00f3n para la reforma curricular de la educaci\u00f3n media superior que se trabaja con los planteles de bachillerato dependientes de esta casa de estudios. El mencionado hizo saber que la reforma curricular es un esfuerzo para brindar un mejor servicio educativo en los cuatro planteles de bachillerato pertenecientes a la Universidad, y destac\u00f3 que los trabajos pretenden, m\u00e1s all\u00e1 de los contenidos acad\u00e9micos, brindar al estudiantado las tem\u00e1ticas que se est\u00e1n incluyendo en el nivel de licenciatura, tal como la responsabilidad social o la sensibilidad respecto al medioambiente.<\/p>\n\n\n\n<p>LO \u00daLTIMO<br \/>Este jueves habr\u00e1 Junta del Cabildo de Nuevo Laredo, y entre los temas a tratar est\u00e1 la toma de posesi\u00f3n del profesor Francisco Javier Altamirano Carrasco como nuevo integrante del cuerpo edilicio, en sustituci\u00f3n del recientemente fallecido Jorge Valdez Vargas (+)\u2026 Siguen las protestas de maestros tamaulipecos contra el Gobierno del Estado, ante la negativa a pagar el retroactivo correspondiente al aumento salarial autorizado por la Federaci\u00f3n\u2026 Este jueves habr\u00e1 Jornada de Vacunaci\u00f3n Transfronteriza de 8 de la ma\u00f1ana a 1 de la tarde en la Antigua Aduana. Igualmente habr\u00e1 Empleo en Tu Colonia en Bulevar Rea entre Quimera y Prometeo, en Reservas Territoriales, en horario de 9 de la ma\u00f1ana a 1 de la tarde.<\/p>\n","protected":false},"excerpt":{"rendered":"<p>Mientras que por un lado el gobernador electo Am\u00e9rico Villarreal Anaya, acus\u00f3 en conferencia de prensa que el gobernador todav\u00eda en funciones, Francisco Garc\u00eda Cabeza de Vaca, orden\u00f3 liberar ordenes &hellip; <a href=\"http:\/\/revistalaneta.com.mx\/?p=848\" class=\"more-link\">Leer m\u00e1s<\/a><\/p>\n","protected":false},"author":1,"featured_media":847,"comment_status":"open","ping_status":"open","sticky":false,"template":"","format":"standard","meta":{"footnotes":""},"categories":[2,3],"tags":[],"class_list":["post-848","post","type-post","status-publish","format-standard","has-post-thumbnail","hentry","category-chismorreo","category-opinion","entry"],"_links":{"self":[{"href":"http:\/\/revistalaneta.com.mx\/index.php?rest_route=\/wp\/v2\/posts\/848","targetHints":{"allow":["GET"]}}],"collection":[{"href":"http:\/\/revistalaneta.com.mx\/index.php?rest_route=\/wp\/v2\/posts"}],"about":[{"href":"http:\/\/revistalaneta.com.mx\/index.php?rest_route=\/wp\/v2\/types\/post"}],"author":[{"embeddable":true,"href":"http:\/\/revistalaneta.com.mx\/index.php?rest_route=\/wp\/v2\/users\/1"}],"replies":[{"embeddable":true,"href":"http:\/\/revistalaneta.com.mx\/index.php?rest_route=%2Fwp%2Fv2%2Fcomments&post=848"}],"version-history":[{"count":1,"href":"http:\/\/revistalaneta.com.mx\/index.php?rest_route=\/wp\/v2\/posts\/848\/revisions"}],"predecessor-version":[{"id":849,"href":"http:\/\/revistalaneta.com.mx\/index.php?rest_route=\/wp\/v2\/posts\/848\/revisions\/849"}],"wp:featuredmedia":[{"embeddable":true,"href":"http:\/\/revistalaneta.com.mx\/index.php?rest_route=\/wp\/v2\/media\/847"}],"wp:attachment":[{"href":"http:\/\/revistalaneta.com.mx\/index.php?rest_route=%2Fwp%2Fv2%2Fmedia&parent=848"}],"wp:term":[{"taxonomy":"category","embeddable":true,"href":"http:\/\/revistalaneta.com.mx\/index.php?rest_route=%2Fwp%2Fv2%2Fcategories&post=848"},{"taxonomy":"post_tag","embeddable":true,"href":"http:\/\/revistalaneta.com.mx\/index.php?rest_route=%2Fwp%2Fv2%2Ftags&post=848"}],"curies":[{"name":"wp","href":"https:\/\/api.w.org\/{rel}","templated":true}]}}