{"id":863,"date":"2022-09-23T03:25:31","date_gmt":"2022-09-23T03:25:31","guid":{"rendered":"http:\/\/revistalaneta.com.mx\/?p=863"},"modified":"2022-09-23T03:25:57","modified_gmt":"2022-09-23T03:25:57","slug":"senado-respalda-a-americo","status":"publish","type":"post","link":"http:\/\/revistalaneta.com.mx\/?p=863","title":{"rendered":"SENADO RESPALDA A AM\u00c9RICO"},"content":{"rendered":"\n<p><\/p>\n\n\n\n<p>-Arremeten contra Cabeza<\/p>\n\n\n\n<p>-Y el juez de control Miguel Moreno<\/p>\n\n\n\n<p>-Elena Poniatiowska revela placa<\/p>\n\n\n\n<p>Tiempo de opinar<\/p>\n\n\n\n<p>Ra\u00fal Hern\u00e1ndez Moreno<\/p>\n\n\n\n<p>La bancada de Morena en el Senado de la Rep\u00fablica conden\u00f3 el uso faccioso&nbsp; de las instituciones por parte del gobernador de Tamaulipas, Francisco Cabeza de Vaca, por ordenar que se giren ordenes de aprehensi\u00f3n en contra de 8 colaboradores del equipo del gobernador electo, Am\u00e9rico Villarreal Anaya.<\/p>\n\n\n\n<p>Tambi\u00e9n reprocharon al juez de control Miguel Moreno Castillo por prestarse al \u201cplan vergonzoso y siniestro\u201d, con el cual buscan impedir la llegada de Am\u00e9rico Villarreal a la&nbsp; gubernatura de Tamaulipas.<\/p>\n\n\n\n<p>Denunciaron que Cabeza utiliza documentos falsos para da\u00f1ar la imagen de Am\u00e9rico y tratar de influir en el \u00e1nimo de los magistrados de la Sala Superior del Tribunal Electoral&nbsp; Poder Judicial de la Federaci\u00f3n que antes del 30 de septiembre tienen que calificar las elecciones del 5 de junio, en las que Am\u00e9rico le sac\u00f3 una ventaja de m\u00e1s de 82 mil votos al candidato de Cabeza de Vaca.<\/p>\n\n\n\n<p>Como parte de la&nbsp; campa\u00f1a de lodo en contra de Am\u00e9rico Villarreal&nbsp; durante el proceso electoral se filtraron documentos falsos&nbsp; sobre supuestos dep\u00f3sitos millonarios que habr\u00eda recibido un hijo del candidato de &nbsp;Morena, en un banco de los Pa\u00edses Bajos.<\/p>\n\n\n\n<p>La instituci\u00f3n bancaria acaba de certificar que esos documentos son falsos,&nbsp; fueron inventados con fines criminales.<\/p>\n\n\n\n<p>Lo mismo paso con la informaci\u00f3n difundida el lunes 19 por el periodista H\u00e9ctor de Maule\u00f3n que asegur\u00f3 haber obtenido los datos de un reporte &nbsp;elaborado por la embajada de Estados Unidos en M\u00e9xico, lo que fue desmentido por el embajador Ken Salazar.<\/p>\n\n\n\n<p>Atr\u00e1s de la campa\u00f1a de lodo, est\u00e1 el gobernador Francisco Garc\u00eda Cabeza de Vaca que no quiere dejar el poder y en su obsesi\u00f3n por retener Tamaulipas est\u00e1&nbsp; fuera de sus cabales.<\/p>\n\n\n\n<p>Qu\u00e9 complicada&nbsp; est\u00e1 resultando la transici\u00f3n gubernamental con un individuo que ha enloquecido, que se cree due\u00f1o de Tamaulipas y se siente por encima de las instituciones. Se comporta como un g\u00e1nster, que no concibe que el poder se le acabo.<\/p>\n\n\n\n<p>Muy diferente fue la transici\u00f3n hace 6 a\u00f1os, lo que alimenta la versi\u00f3n que hace un par de a\u00f1os dio a conocer Emilio Lozoya de que Tamaulipas fue negociado entre&nbsp; el PAN y el ex presidente Enrique Pe\u00f1a Nieto, a cambio de que los panistas &nbsp;aprobaran &nbsp;la reforma energ\u00e9tica.<\/p>\n\n\n\n<p>\u00bfSer\u00e1 por eso que Egidio y Cabeza llevaron la fiesta en paz y armon\u00eda?<\/p>\n\n\n\n<p>Es una verg\u00fcenza que a estar alturas del cambio de administraci\u00f3n, &nbsp;Cabeza utilice las instituciones para intentar cancelar la elecci\u00f3n y lo m\u00e1s vergonzoso es que los titulares de esas dependencias se presten a ese juego perverso y ruin. Son lacayos, es verdad. Tienen que obedecer, pero&nbsp; har\u00edan&nbsp; bien en pensar lo que hacen, porque a partir del 1 de octubre van a quedar desamparados y la mayor\u00eda no tiene suficiente dinero para andar&nbsp; huyendo por todo el mundo, para evitar que los detenga la justicia mexicana. Y esta es implacable. No importa donde se escondan, tarde o temprano los atrapan, si hay voluntad. Y mientras&nbsp; huyen, la vida se les encarece, porque todo mundo quiere aprovecharse de su condici\u00f3n de pr\u00f3fugos.<\/p>\n\n\n\n<p>\u00bfValdr\u00e1 la pena exponerse a ser arrestado, por apoyar una causa perdida y adem\u00e1s, ajena?<\/p>\n\n\n\n<p>En otro tema, la escritora Elena Poniatowska visit\u00f3 este d\u00eda la preparatoria que lleva su nombre y devel\u00f3 una placa alusiva.<\/p>\n\n\n\n<p>A esta instituci\u00f3n escolar se le puso el nombre de la galardonada escritora en el 2016, pero indebidamente despu\u00e9s se le cambio &nbsp;a Gregorio Chapoa, un militante del PAN, y en enero de este a\u00f1o, el actual cabildo que preside Carmen Lilia Canturosas, restaur\u00f3 el nombre de Elena Ponitowska.<\/p>\n\n\n\n<p>Autora de la Noche de Tlatelolco, Fuerte es el Silencio, de una biograf\u00eda de Tina Modotti, de&nbsp; novelas como Hasta no verte, Jes\u00fas m\u00edo y muchas m\u00e1s, Pontiatowska es un referente de la literatura mexicana, reconocida a nivel mundial.Que una preparatoria lleve su nombre es muy merecido.<br \/><\/p>\n","protected":false},"excerpt":{"rendered":"<p>-Arremeten contra Cabeza -Y el juez de control Miguel Moreno -Elena Poniatiowska revela placa Tiempo de opinar Ra\u00fal Hern\u00e1ndez Moreno La bancada de Morena en el Senado de la Rep\u00fablica &hellip; <a href=\"http:\/\/revistalaneta.com.mx\/?p=863\" class=\"more-link\">Leer m\u00e1s<\/a><\/p>\n","protected":false},"author":1,"featured_media":862,"comment_status":"open","ping_status":"open","sticky":false,"template":"","format":"standard","meta":{"footnotes":""},"categories":[2,3],"tags":[],"class_list":["post-863","post","type-post","status-publish","format-standard","has-post-thumbnail","hentry","category-chismorreo","category-opinion","entry"],"_links":{"self":[{"href":"http:\/\/revistalaneta.com.mx\/index.php?rest_route=\/wp\/v2\/posts\/863","targetHints":{"allow":["GET"]}}],"collection":[{"href":"http:\/\/revistalaneta.com.mx\/index.php?rest_route=\/wp\/v2\/posts"}],"about":[{"href":"http:\/\/revistalaneta.com.mx\/index.php?rest_route=\/wp\/v2\/types\/post"}],"author":[{"embeddable":true,"href":"http:\/\/revistalaneta.com.mx\/index.php?rest_route=\/wp\/v2\/users\/1"}],"replies":[{"embeddable":true,"href":"http:\/\/revistalaneta.com.mx\/index.php?rest_route=%2Fwp%2Fv2%2Fcomments&post=863"}],"version-history":[{"count":1,"href":"http:\/\/revistalaneta.com.mx\/index.php?rest_route=\/wp\/v2\/posts\/863\/revisions"}],"predecessor-version":[{"id":864,"href":"http:\/\/revistalaneta.com.mx\/index.php?rest_route=\/wp\/v2\/posts\/863\/revisions\/864"}],"wp:featuredmedia":[{"embeddable":true,"href":"http:\/\/revistalaneta.com.mx\/index.php?rest_route=\/wp\/v2\/media\/862"}],"wp:attachment":[{"href":"http:\/\/revistalaneta.com.mx\/index.php?rest_route=%2Fwp%2Fv2%2Fmedia&parent=863"}],"wp:term":[{"taxonomy":"category","embeddable":true,"href":"http:\/\/revistalaneta.com.mx\/index.php?rest_route=%2Fwp%2Fv2%2Fcategories&post=863"},{"taxonomy":"post_tag","embeddable":true,"href":"http:\/\/revistalaneta.com.mx\/index.php?rest_route=%2Fwp%2Fv2%2Ftags&post=863"}],"curies":[{"name":"wp","href":"https:\/\/api.w.org\/{rel}","templated":true}]}}