{"id":866,"date":"2022-09-23T03:28:10","date_gmt":"2022-09-23T03:28:10","guid":{"rendered":"http:\/\/revistalaneta.com.mx\/?p=866"},"modified":"2022-09-23T03:28:37","modified_gmt":"2022-09-23T03:28:37","slug":"no-dan-placas-a-quienes-legalizan-vehiculos-con-el-municipio","status":"publish","type":"post","link":"http:\/\/revistalaneta.com.mx\/?p=866","title":{"rendered":"NO DAN PLACAS A QUIENES LEGALIZAN VEH\u00cdCULOS CON EL MUNICIPIO"},"content":{"rendered":"\n<p>Mientras que la alcaldesa Carmen Lilia Canturosas Villarreal acus\u00f3 que en la Oficina Fiscal del Estado no est\u00e1n d\u00e1ndole placas a los ciudadanos que legalizan sus veh\u00edculos a trav\u00e9s de los m\u00f3dulos instalados por el Gobierno Municipal en la sala \u201cSergio Pe\u00f1a\u201d, por otro lado el Jefe de la Oficina Fiscal del Estado, Arturo Sanmiguel Cant\u00fa, dijo que esto es porque el registro de legalizaci\u00f3n de dichos veh\u00edculos no le aparece a la dependencia a su cargo, al no haber notificado al gobierno estatal la instalaci\u00f3n de tales m\u00f3dulos. El caso es que por mientras y por lo tanto quienes nacionalizan sus veh\u00edculos en los m\u00f3dulos municipales, est\u00e1n batallando para conseguir las matr\u00edculas, y en este sentido la alcaldesa ha pedido a esos ciudadanos aguantarse unos d\u00edas m\u00e1s, a que llegue el nuevo gobierno estatal, para que dicha situaci\u00f3n pueda solucionarse. Pero es claro que Carmen Lilia lo considera otro revanchismo pol\u00edtico del estado hacia su administraci\u00f3n.<\/p>\n\n\n\n<p>TOMA PROTESTA NUEVO REGIDOR<br \/>Finalmente el profesor Francisco Javier Altamirano Carrasco tom\u00f3 protesta como nuevo miembro del Cabildo de Nuevo Laredo, en sustituci\u00f3n del fallecido Jorge Valdez Vargas. Altamirano era justamente el suplente de Jorge, y como tal fue que se le integr\u00f3 al cuerpo edilicio, esto durante la sesi\u00f3n de este jueves. A la vez se anunci\u00f3 que el mencionado se agrega a las comisiones de Educaci\u00f3n, como tercer vocal; a la de Servicios P\u00fablicos, como tercer vocal; la de Salud P\u00fablica, como segundo vocal; la de Comercio Informal, como primer vocal; la de Ciencia y Tecnolog\u00eda como presidente; la de Transporte, como segundo vocal y la de Estad\u00edsticas, como segundo vocal.<\/p>\n\n\n\n<p>REORGANIZACI\u00d3N DE COMISIONES<br \/>En esta misma sesi\u00f3n hubo una reorganizaci\u00f3n de las comisiones que presid\u00eda el ahora occiso Jorge Valdez Vargas, y que eran cuatro. As\u00ed pues en el caso de la Comisi\u00f3n de Bienestar, la nueva presidenta es la regidora Macarena Coraz\u00f3n Gonz\u00e1lez N\u00fa\u00f1ez, mientras que la secretaria es la s\u00edndica Imelda Mangin Torre, y los vocales en orden del 1 al 5 son Mariza Zarate Quezada, Nubia Lizeth Almaguer, Francisco Javier Altamirano Carrasco, Enrique Figueroa Rocha y Mar\u00eda de la Luz Mej\u00eda Mart\u00ednez. En la Comisi\u00f3n de Energ\u00eda queda como presidente Luis Cavazos C\u00e1rdenas y como secretario Francisco Javier Altamirano Carrasco, en tanto que los vocales con Erika Mendoza Ch\u00e1vez, Sergio Ojeda Castillo, Yorliria Fuentes Garza, Ariana Garza L\u00f3pez y Daniel Trevi\u00f1o Mart\u00ednez. En la Comisi\u00f3n de Gobierno, Legislaci\u00f3n y Asuntos Migratorios queda Ernesto Ferrara Theriot como presidente y Sergio Ojeda Castillo como secretario, y los vocales son Santos Francisco Hern\u00e1ndez Aguilar, Viviano V\u00e1zquez Mac\u00edas, Erika Mendoza Ch\u00e1vez, Mar\u00eda de la Luz Mej\u00eda y Jorge Ram\u00edrez Rubio.<\/p>\n\n\n\n<p>LA COMISI\u00d3N DE LA VERDAD<br \/>Y en lo correspondiente a la Comisi\u00f3n de la Verdad, qued\u00f3 como presidente Ernesto Ferrara Theriot y como secretaria Erika Mendoza Ch\u00e1vez, y como vocales el s\u00edndico Jes\u00fas Jasso Montemayor y los regidores Julia Elida Ortega de los Santos, Jos\u00e9 Zapata Mu\u00f1iz, Francisco Javier Altamirano Carrasco y Viviano V\u00e1zquez Mac\u00edas. Aqu\u00ed cabe apuntar que el regidor Jorge Ram\u00edrez Rubio, se opuso tajantemente a que Ernesto Ferrara presidiera la Comisi\u00f3n de la Verdad, al considerar que hab\u00eda conflicto de intereses por el hecho de que Ferrara, hasta hace un a\u00f1o, pertenec\u00eda al Partido Acci\u00f3n Nacional (PAN), y no se ve\u00eda bien que estuviese al frente de dicha comisi\u00f3n. No obstante por mayor\u00eda de votos se aprob\u00f3.<\/p>\n\n\n\n<p>APOYO A OBREROS PARA QUE SIGAN ESTUDIANDO<br \/>De reconocerse el inter\u00e9s del secretario general del Sindicato Local de Trabajadores de la Industria Maquiladora de Nuevo Laredo, Luis Eduardo Mart\u00ednez L\u00f3pez, por apoyar a los obreros a seguirse superando en sus estudios, y prueba de ello es que sigue signando acuerdos con escuelas de la localidad para que se brinden descuentos a aquellos trabajadores que quieran culminar sus estudios b\u00e1sicos, seguir con la preparatoria e incluso cursar una carrera, para as\u00ed m\u00e1s adelante buscar mejores espacios en las propias f\u00e1bricas donde laboran. En este tenor Luis Eduardo ha conseguido convenios con la Universidad Tecnol\u00f3gica de Nuevo Laredo, con la Universidad del Norte de Tamaulipas y otras instituciones que igualmente ofrecen becas y otros est\u00edmulos a los obreros para que estudien, en busca de mejores oportunidades. Bien por eso. \u00bfY los dem\u00e1s sindicatos, como andan en este tema?<br \/>&nbsp;<br \/>IMPARABLE LA INFLACI\u00d3N EN EL PA\u00cdS<br \/>Sigue imparable la inflaci\u00f3n en el pa\u00eds, y prueba de ello es que tan solo en la primera quincena del presente mes de septiembre alcanz\u00f3 el 8.76 por ciento, con aumentos por dem\u00e1s exagerados en productos como la cebolla, la papa, el aguacate, la carne, el pollo, y dem\u00e1s comestibles, eso sin considerar las alzas en los servicios p\u00fablicos, la vestimenta y otros. Y precisamente ante tan cr\u00edtica situaci\u00f3n el gobierno federal ya empieza a establecer medidas para frenar la inflaci\u00f3n, y una de ellas es poner un tope de precio a por lo menos 24 productos de la canasta b\u00e1sica, aunque en este sentido se requiere el apoyo de los empresarios, y por lo menos ya se tiene el respaldo de los de Maseca, quienes se han comprometido a no elevar m\u00e1s sus productos, para as\u00ed frenar el precio de las tortillas, que como sabemos, es el principal alimento de los mexicanos.<br \/>&nbsp;<br \/>EMPRESARIOS, APOYAN, PERO TAMBI\u00c9N QUIEREN AYUDA<br \/>Ahora bien, los empresarios est\u00e1n dispuestos a colaborar en el freno a la inflaci\u00f3n, pero tambi\u00e9n hay que considerar que requieren que el gobierno haga su parte en cuanto a brindarles mayor seguridad, porque en este sentido para nadie es desconocido que el crimen organizado les exige derecho de piso, e incluso hasta les roban el producto para luego venderlos ellos, en un claro abuso en el que nadie hace nada. Ah\u00ed est\u00e1 el caso de los productores de aguacates, que todo mundo sabe c\u00f3mo son asolados por la delincuencia, y el gobierno solo se hace de la vista gorda. Aparte tambi\u00e9n la federaci\u00f3n debe reducir los costos de los combustibles, refacciones e incluso tambi\u00e9n los peajes en las autopistas, para as\u00ed no afectar tanto a los proveedores, y con ello no se eleven m\u00e1s los precios de los productos, ya que de lo contrario una cosa conlleva a otra, y el perjudicado a fin de cuentas viene siendo el consumidor final, el pobre pueblo.<br \/>&nbsp;<br \/>LO \u00daLTIMO<br \/>Ya sali\u00f3 la convocatoria para las becas municipales \u201cNueva Era\u201d correspondiente al ciclo escolar 2022-2023. Esto fue anunciado por la regidora Julia Elida Ortega de los Santos, presidenta de la Comisi\u00f3n de Educaci\u00f3n, quien adelant\u00f3 que del 3 al 12 de octubre se estar\u00e1n otorgando las solicitudes en las Preparatorias Municipales y Bibliotecas Municipales\u2026 El regidor Viviano V\u00e1zquez Mac\u00edas solicit\u00f3 en la Junta de Cabildo una campa\u00f1a intensa de fumigaci\u00f3n pues hay muchos zancudos en la ciudad. La alcaldesa Carmen Lilia Canturosas Villarreal asegur\u00f3 que ya se trabaja en ello. Cabe apuntar que el gobierno del estado nunca hizo campa\u00f1as de esta \u00edndole, siendo que le corresponde\u2026 Por cierto que muy buenas las intervenciones de todos los ediles que tomaron parte en la Junta de Cabildo de este jueves, con excepci\u00f3n de \u201cLa No\u00f1a\u201d regidora que se dice independiente. Su chillona voz aturde\u2026 Apenas este jueves se empez\u00f3 a abrir la avenida Guerrero, entre Guatemala y Per\u00fa, para realizar labores de mejoramiento del drenaje sanitario. Se ha anunciado que las obras en esta arteria se van a realizar lo m\u00e1s pronto posible, dada la importancia de dicha avenida\u2026 Por cierto que desde esta semana se cierra tambi\u00e9n la avenida P\u00e1nuco, entre 15 de Septiembre y Fidel Vel\u00e1squez, tambi\u00e9n por obras que realizar\u00e1 el Ayuntamiento de Nuevo Laredo. Y el cierre ser\u00e1 por casi cuatro meses.<\/p>\n","protected":false},"excerpt":{"rendered":"<p>Mientras que la alcaldesa Carmen Lilia Canturosas Villarreal acus\u00f3 que en la Oficina Fiscal del Estado no est\u00e1n d\u00e1ndole placas a los ciudadanos que legalizan sus veh\u00edculos a trav\u00e9s de &hellip; <a href=\"http:\/\/revistalaneta.com.mx\/?p=866\" class=\"more-link\">Leer m\u00e1s<\/a><\/p>\n","protected":false},"author":1,"featured_media":865,"comment_status":"open","ping_status":"open","sticky":false,"template":"","format":"standard","meta":{"footnotes":""},"categories":[2,3],"tags":[],"class_list":["post-866","post","type-post","status-publish","format-standard","has-post-thumbnail","hentry","category-chismorreo","category-opinion","entry"],"_links":{"self":[{"href":"http:\/\/revistalaneta.com.mx\/index.php?rest_route=\/wp\/v2\/posts\/866","targetHints":{"allow":["GET"]}}],"collection":[{"href":"http:\/\/revistalaneta.com.mx\/index.php?rest_route=\/wp\/v2\/posts"}],"about":[{"href":"http:\/\/revistalaneta.com.mx\/index.php?rest_route=\/wp\/v2\/types\/post"}],"author":[{"embeddable":true,"href":"http:\/\/revistalaneta.com.mx\/index.php?rest_route=\/wp\/v2\/users\/1"}],"replies":[{"embeddable":true,"href":"http:\/\/revistalaneta.com.mx\/index.php?rest_route=%2Fwp%2Fv2%2Fcomments&post=866"}],"version-history":[{"count":1,"href":"http:\/\/revistalaneta.com.mx\/index.php?rest_route=\/wp\/v2\/posts\/866\/revisions"}],"predecessor-version":[{"id":867,"href":"http:\/\/revistalaneta.com.mx\/index.php?rest_route=\/wp\/v2\/posts\/866\/revisions\/867"}],"wp:featuredmedia":[{"embeddable":true,"href":"http:\/\/revistalaneta.com.mx\/index.php?rest_route=\/wp\/v2\/media\/865"}],"wp:attachment":[{"href":"http:\/\/revistalaneta.com.mx\/index.php?rest_route=%2Fwp%2Fv2%2Fmedia&parent=866"}],"wp:term":[{"taxonomy":"category","embeddable":true,"href":"http:\/\/revistalaneta.com.mx\/index.php?rest_route=%2Fwp%2Fv2%2Fcategories&post=866"},{"taxonomy":"post_tag","embeddable":true,"href":"http:\/\/revistalaneta.com.mx\/index.php?rest_route=%2Fwp%2Fv2%2Ftags&post=866"}],"curies":[{"name":"wp","href":"https:\/\/api.w.org\/{rel}","templated":true}]}}