{"id":876,"date":"2022-09-24T00:21:47","date_gmt":"2022-09-24T00:21:47","guid":{"rendered":"http:\/\/revistalaneta.com.mx\/?p=876"},"modified":"2022-09-24T00:22:06","modified_gmt":"2022-09-24T00:22:06","slug":"mujeres-emprendedoras-se-suman-a-proyecto-de-mercadita-feminista-convocado-por-el-inmujer","status":"publish","type":"post","link":"http:\/\/revistalaneta.com.mx\/?p=876","title":{"rendered":"Mujeres emprendedoras se suman a proyecto de Mercadita Feminista convocado por el INMUJER"},"content":{"rendered":"\n<p><\/p>\n\n\n\n<p>Nuevo Laredo Tamps.- Cada vez son m\u00e1s las mujeres que se suman al proyecto de la \u201cMercadita Feminista\u201d convocada por el Instituto Municipal de la Mujer (INMUJER) de Nuevo Laredo. En la sexta edici\u00f3n a realizarse este s\u00e1bado 24 de septiembre, se espera la participaci\u00f3n de 30 mujeres emprendedoras locales.<\/p>\n\n\n\n<p>Alejandra Cabrera Garc\u00eda, ser\u00e1 una de las expositoras que estar\u00e1 participando en esta actividad y que desde hace ya un a\u00f1o y medio se ha dedicado a la venta de art\u00edculos artesanales y ha encontrado en esta mercadita feminista, un espacio para promover sus productos de manera gratuita.<\/p>\n\n\n\n<p>\u201cSoy una mujer emprendedora, manejo productos 100 por ciento naturales a un precio accesible, este proyecto me ha permitido obtener ingresos haciendo ventas. Adem\u00e1s, el emprender tu propio negocio te da el tiempo de administrarte mejor. El participar en este proyecto de la Mercadita Feminista, es de mucha ayuda para promover nuestros productos\u201d, dijo.<\/p>\n\n\n\n<p>La \u201cmercadita feminista\u201d se estar\u00e1 llevando a cabo este s\u00e1bado 24 de septiembre, a partir de las 5:00 de la tarde en las instalaciones de la Plaza M\u00e9xico, ubicada por la calle Guerrero entre Arteaga e Independencia.<\/p>\n\n\n\n<p>Adem\u00e1s de los stands de productos y servicios, se realizar\u00e1 una loter\u00eda feminista y tambi\u00e9n se contar\u00e1 con la participaci\u00f3n de la artista local, Aza Veza.<\/p>\n\n\n\n<p>Este proyecto de la \u201cMercadita Feminista\u201d, nace como una propuesta de integrantes de colectivos feministas locales, quienes solicitaban espacios en donde mujeres que tienen sus negocios o van iniciando un proyecto personal, pudieran promover sus productos y servicios, en un espacio p\u00fablico.<\/p>\n","protected":false},"excerpt":{"rendered":"<p>Nuevo Laredo Tamps.- Cada vez son m\u00e1s las mujeres que se suman al proyecto de la \u201cMercadita Feminista\u201d convocada por el Instituto Municipal de la Mujer (INMUJER) de Nuevo Laredo. &hellip; <a href=\"http:\/\/revistalaneta.com.mx\/?p=876\" class=\"more-link\">Leer m\u00e1s<\/a><\/p>\n","protected":false},"author":1,"featured_media":875,"comment_status":"open","ping_status":"open","sticky":false,"template":"","format":"standard","meta":{"footnotes":""},"categories":[4],"tags":[],"class_list":["post-876","post","type-post","status-publish","format-standard","has-post-thumbnail","hentry","category-nuevo-laredo","entry"],"_links":{"self":[{"href":"http:\/\/revistalaneta.com.mx\/index.php?rest_route=\/wp\/v2\/posts\/876","targetHints":{"allow":["GET"]}}],"collection":[{"href":"http:\/\/revistalaneta.com.mx\/index.php?rest_route=\/wp\/v2\/posts"}],"about":[{"href":"http:\/\/revistalaneta.com.mx\/index.php?rest_route=\/wp\/v2\/types\/post"}],"author":[{"embeddable":true,"href":"http:\/\/revistalaneta.com.mx\/index.php?rest_route=\/wp\/v2\/users\/1"}],"replies":[{"embeddable":true,"href":"http:\/\/revistalaneta.com.mx\/index.php?rest_route=%2Fwp%2Fv2%2Fcomments&post=876"}],"version-history":[{"count":1,"href":"http:\/\/revistalaneta.com.mx\/index.php?rest_route=\/wp\/v2\/posts\/876\/revisions"}],"predecessor-version":[{"id":877,"href":"http:\/\/revistalaneta.com.mx\/index.php?rest_route=\/wp\/v2\/posts\/876\/revisions\/877"}],"wp:featuredmedia":[{"embeddable":true,"href":"http:\/\/revistalaneta.com.mx\/index.php?rest_route=\/wp\/v2\/media\/875"}],"wp:attachment":[{"href":"http:\/\/revistalaneta.com.mx\/index.php?rest_route=%2Fwp%2Fv2%2Fmedia&parent=876"}],"wp:term":[{"taxonomy":"category","embeddable":true,"href":"http:\/\/revistalaneta.com.mx\/index.php?rest_route=%2Fwp%2Fv2%2Fcategories&post=876"},{"taxonomy":"post_tag","embeddable":true,"href":"http:\/\/revistalaneta.com.mx\/index.php?rest_route=%2Fwp%2Fv2%2Ftags&post=876"}],"curies":[{"name":"wp","href":"https:\/\/api.w.org\/{rel}","templated":true}]}}