{"id":878,"date":"2022-09-24T00:20:55","date_gmt":"2022-09-24T00:20:55","guid":{"rendered":"http:\/\/revistalaneta.com.mx\/?p=878"},"modified":"2022-09-24T00:22:43","modified_gmt":"2022-09-24T00:22:43","slug":"participa-gobierno-en-foro-para-fortalecer-la-educacion-superior","status":"publish","type":"post","link":"http:\/\/revistalaneta.com.mx\/?p=878","title":{"rendered":"Participa gobierno en foro para fortalecer la educaci\u00f3n superior"},"content":{"rendered":"\n<p><\/p>\n\n\n\n<p>Nuevo Laredo, Tamps.- Con el objetivo de generar ideas para impulsar la educaci\u00f3n profesional y fortalecer la formaci\u00f3n de los estudiantes de acuerdo a las necesidades de empresas e industrias en Nuevo Laredo, se realiz\u00f3 el \u201cEncuentro Conecta\u201d, en el que autoridades, empresas, organismos, c\u00e1maras y asociaciones participaron en una mesa de di\u00e1logo.<\/p>\n\n\n\n<p>Este evento que organiza la Universidad Aut\u00f3noma de Tamaulipas (UAT) abri\u00f3 el espacio para la discusi\u00f3n, opini\u00f3n y retroalimentaci\u00f3n sobre los 4 ejes fundamentales para el desarrollo de la regi\u00f3n: Agenda de Prioridades de Tamaulipas, Pertinencia de la Oferta Educativa, Alianza con sectores productivos y sociales y presencia regional de la Universidad.<\/p>\n\n\n\n<p>Como representante de la alcaldesa Carmen Lilia Canturosas Villarreal, acudi\u00f3 al evento el secretario del Ayuntamiento, Juan Angel Mart\u00ednez Salazar, quien reiter\u00f3 el deseo de trabajar juntos en proyectos en favor de Nuevo Laredo.<\/p>\n\n\n\n<p>\u201cEn la educaci\u00f3n estamos cerrando brecha ante la deserci\u00f3n escolar, con programas de becas, transporte escolar gratuito, entrega de uniformes, mochilas y \u00fatiles escolares; nuestra ciudad se ha transformado, y se ve en cada rubro, en la obra p\u00fablica que trabaja en nuestras calles y en la mejora continua y sustentable\u201d se\u00f1al\u00f3 Mart\u00ednez Salazar.<\/p>\n\n\n\n<p>Encuentro Conecta se ha realizado en Tampico, Ciudad Victoria, Mante y Reynosa para contribuir al desarrollo de la preparaci\u00f3n educativa a nivel profesional, haciendo sinergia con los distintos sectores de la ciudad.<\/p>\n","protected":false},"excerpt":{"rendered":"<p>Nuevo Laredo, Tamps.- Con el objetivo de generar ideas para impulsar la educaci\u00f3n profesional y fortalecer la formaci\u00f3n de los estudiantes de acuerdo a las necesidades de empresas e industrias &hellip; <a href=\"http:\/\/revistalaneta.com.mx\/?p=878\" class=\"more-link\">Leer m\u00e1s<\/a><\/p>\n","protected":false},"author":1,"featured_media":874,"comment_status":"open","ping_status":"open","sticky":false,"template":"","format":"standard","meta":{"footnotes":""},"categories":[4],"tags":[],"class_list":["post-878","post","type-post","status-publish","format-standard","has-post-thumbnail","hentry","category-nuevo-laredo","entry"],"_links":{"self":[{"href":"http:\/\/revistalaneta.com.mx\/index.php?rest_route=\/wp\/v2\/posts\/878","targetHints":{"allow":["GET"]}}],"collection":[{"href":"http:\/\/revistalaneta.com.mx\/index.php?rest_route=\/wp\/v2\/posts"}],"about":[{"href":"http:\/\/revistalaneta.com.mx\/index.php?rest_route=\/wp\/v2\/types\/post"}],"author":[{"embeddable":true,"href":"http:\/\/revistalaneta.com.mx\/index.php?rest_route=\/wp\/v2\/users\/1"}],"replies":[{"embeddable":true,"href":"http:\/\/revistalaneta.com.mx\/index.php?rest_route=%2Fwp%2Fv2%2Fcomments&post=878"}],"version-history":[{"count":1,"href":"http:\/\/revistalaneta.com.mx\/index.php?rest_route=\/wp\/v2\/posts\/878\/revisions"}],"predecessor-version":[{"id":879,"href":"http:\/\/revistalaneta.com.mx\/index.php?rest_route=\/wp\/v2\/posts\/878\/revisions\/879"}],"wp:featuredmedia":[{"embeddable":true,"href":"http:\/\/revistalaneta.com.mx\/index.php?rest_route=\/wp\/v2\/media\/874"}],"wp:attachment":[{"href":"http:\/\/revistalaneta.com.mx\/index.php?rest_route=%2Fwp%2Fv2%2Fmedia&parent=878"}],"wp:term":[{"taxonomy":"category","embeddable":true,"href":"http:\/\/revistalaneta.com.mx\/index.php?rest_route=%2Fwp%2Fv2%2Fcategories&post=878"},{"taxonomy":"post_tag","embeddable":true,"href":"http:\/\/revistalaneta.com.mx\/index.php?rest_route=%2Fwp%2Fv2%2Ftags&post=878"}],"curies":[{"name":"wp","href":"https:\/\/api.w.org\/{rel}","templated":true}]}}