{"id":881,"date":"2022-09-24T00:23:01","date_gmt":"2022-09-24T00:23:01","guid":{"rendered":"http:\/\/revistalaneta.com.mx\/?p=881"},"modified":"2022-09-24T00:23:19","modified_gmt":"2022-09-24T00:23:19","slug":"alerta-en-secundarias-de-nuevo-laredo-alumnos-se-estan-cortando-la-piel","status":"publish","type":"post","link":"http:\/\/revistalaneta.com.mx\/?p=881","title":{"rendered":"Alerta en secundarias de Nuevo Laredo; alumnos se est\u00e1n cortando la piel"},"content":{"rendered":"\n<p><\/p>\n\n\n\n<p>Nuevo Laredo, Tamps.- Hay alerta en escuelas secundarias de la localidad, ante la aparici\u00f3n de casos de j\u00f3venes que est\u00e1n aplicando el denominado &#8220;cutting&#8221; que consiste en cortarse la piel con navajas, y el problema es que lo est\u00e1n haciendo en los propios planteles educativos.<br \/>El profesor Miguel J\u00e1uregui Salazar, Jefe del Centro Regional de Desarrollo Educativo (CREDE), dio a conocer sobre lo anterior, confirmando que se tienen registrados ya algunos casos de esta \u00edndole, que si bien se registran en casa de los alumnos, tambi\u00e9n ya se detect\u00f3 se est\u00e1 dando en las escuelas.<br \/>Y aunque no quiso dar a conocer datos de los planteles educativos, se sabe de dos que se dieron en la Escuela Secundaria T\u00e9cnica 47 y la Escuela Secundaria General N\u00famero 7, mismos que ya est\u00e1n siendo atendidos.<br \/>&#8220;Es una situaci\u00f3n muy lamentable que obedece a alguna situaci\u00f3n psicol\u00f3gica, alumnos que est\u00e1n entrando en esta etapa de la adolescencia est\u00e1n algunos de ellos incurriendo en esta falta de atenci\u00f3n y est\u00e1n practic\u00e1ndose lesiones a su mismo cuerpo, esta pr\u00e1ctica que se conoce como el -cutting- donde a trav\u00e9s de objetos cortantes, como navajas de afeitar, navajas de doble filo, ellos se van haciendo heridas en sus mu\u00f1ecas, en sus brazos, en las piernas, es importante que los padres de familia est\u00e9n al tanto porque son los maestros los que han detectado estas situaciones en algunas secundarias de la ciudad, y en algunas primarias tambi\u00e9n de sexto grado&#8221;, dijo J\u00e1uregui Salazar.<br \/>A su vez pidi\u00f3 el apoyo de los padres para detectar estos casos, y as\u00ed poder dar el apoyo emocional que requieren los alumnos, &#8220;porque puede ser una gran carga de estr\u00e9s este regreso presencial a clases, sobre todo en aquellos alumnos que hab\u00edan ingresado a la secundaria pero en l\u00ednea, que no sab\u00edan lo que era estar en una secundaria, el tener varios maestros al d\u00eda, una carga de horario diferente, quiero ofrecerle el apoyo tambi\u00e9n a los padres de familia en el CREDE, tenemos personal con preparaci\u00f3n en psicolog\u00eda que puede orientarlos en convenios que tenemos con otras instancias para que los alumnos reciban la mejor atenci\u00f3n&#8221;.<br \/>Asimismo dijo que hasta el momento ninguna de las heridas ha sido lo suficientemente profunda para poner en riesgo la vida de alg\u00fan alumnos, son heridas superficiales, pero es importante ponerle atenci\u00f3n al tema.<br \/>Cabe se\u00f1alar que el jueves se dio un caso de esta \u00edndole en la Secundaria 47, donde una alumna tuvo una hemorragia al presentar una cortada, que no se sabe si se la hizo ella misma o se la hicieron, pues eso se est\u00e1 investigando.<\/p>\n","protected":false},"excerpt":{"rendered":"<p>Nuevo Laredo, Tamps.- Hay alerta en escuelas secundarias de la localidad, ante la aparici\u00f3n de casos de j\u00f3venes que est\u00e1n aplicando el denominado &#8220;cutting&#8221; que consiste en cortarse la piel &hellip; <a href=\"http:\/\/revistalaneta.com.mx\/?p=881\" class=\"more-link\">Leer m\u00e1s<\/a><\/p>\n","protected":false},"author":1,"featured_media":880,"comment_status":"open","ping_status":"open","sticky":false,"template":"","format":"standard","meta":{"footnotes":""},"categories":[4],"tags":[],"class_list":["post-881","post","type-post","status-publish","format-standard","has-post-thumbnail","hentry","category-nuevo-laredo","entry"],"_links":{"self":[{"href":"http:\/\/revistalaneta.com.mx\/index.php?rest_route=\/wp\/v2\/posts\/881","targetHints":{"allow":["GET"]}}],"collection":[{"href":"http:\/\/revistalaneta.com.mx\/index.php?rest_route=\/wp\/v2\/posts"}],"about":[{"href":"http:\/\/revistalaneta.com.mx\/index.php?rest_route=\/wp\/v2\/types\/post"}],"author":[{"embeddable":true,"href":"http:\/\/revistalaneta.com.mx\/index.php?rest_route=\/wp\/v2\/users\/1"}],"replies":[{"embeddable":true,"href":"http:\/\/revistalaneta.com.mx\/index.php?rest_route=%2Fwp%2Fv2%2Fcomments&post=881"}],"version-history":[{"count":1,"href":"http:\/\/revistalaneta.com.mx\/index.php?rest_route=\/wp\/v2\/posts\/881\/revisions"}],"predecessor-version":[{"id":882,"href":"http:\/\/revistalaneta.com.mx\/index.php?rest_route=\/wp\/v2\/posts\/881\/revisions\/882"}],"wp:featuredmedia":[{"embeddable":true,"href":"http:\/\/revistalaneta.com.mx\/index.php?rest_route=\/wp\/v2\/media\/880"}],"wp:attachment":[{"href":"http:\/\/revistalaneta.com.mx\/index.php?rest_route=%2Fwp%2Fv2%2Fmedia&parent=881"}],"wp:term":[{"taxonomy":"category","embeddable":true,"href":"http:\/\/revistalaneta.com.mx\/index.php?rest_route=%2Fwp%2Fv2%2Fcategories&post=881"},{"taxonomy":"post_tag","embeddable":true,"href":"http:\/\/revistalaneta.com.mx\/index.php?rest_route=%2Fwp%2Fv2%2Ftags&post=881"}],"curies":[{"name":"wp","href":"https:\/\/api.w.org\/{rel}","templated":true}]}}