{"id":887,"date":"2022-09-24T14:17:20","date_gmt":"2022-09-24T14:17:20","guid":{"rendered":"http:\/\/revistalaneta.com.mx\/?p=887"},"modified":"2022-09-24T14:17:27","modified_gmt":"2022-09-24T14:17:27","slug":"tamaulipas-sin-division-de-poderes","status":"publish","type":"post","link":"http:\/\/revistalaneta.com.mx\/?p=887","title":{"rendered":"TAMAULIPAS, SIN DIVISI\u00d3N DE PODERES"},"content":{"rendered":"\n<p><\/p>\n\n\n\n<p>-Pero eso termina el 30 de septiembre<\/p>\n\n\n\n<p>-Presidente de Sala Superior, al servicio de Cabeza<\/p>\n\n\n\n<p>-Ernesto Ferrara llega a la Comisi\u00f3n de la Verdad<\/p>\n\n\n\n<p>Tiempo de opinar<\/p>\n\n\n\n<p>Ra\u00fal Hern\u00e1ndez Moreno<\/p>\n\n\n\n<p>No&nbsp; hay en &nbsp;estos momentos en Tamaulipas divisi\u00f3n de poderes, tanto el Congreso como el Supremo Tribunal de Justicia son lacayos del Ejecutivo,&nbsp; y lo mismo ocurre con los organismos aut\u00f3nomos como la Fiscal\u00eda de Justicia,<\/p>\n\n\n\n<p>Pero todo eso&nbsp; tiene fecha de caducidad: el 30 de septiembre, pues aunque a los&nbsp; titulares de esas instituciones los haya impuesto Cabeza de Vaca, a partir del 1 de octubre tendr\u00e1n que enfrentar el poder avasallante del nuevo gobernador Am\u00e9rico Villarreal,&nbsp; que llegar\u00e1 con todo el respaldo &nbsp;del gobierno federal. Nada es eterno.<\/p>\n\n\n\n<p>Tamaulipas no es un pa\u00eds, es un estado integrado a una&nbsp; federaci\u00f3n y el comportamiento de las instituciones tiene que ajustarse a lo que marca el pacto federal, la Constituci\u00f3n General de la Rep\u00fablica.<\/p>\n\n\n\n<p>En lo que resta del sexenio, Cabeza podr\u00e1 buscar empapelar al ex alcalde Carlos Canturosas, como lo ha querido hacer desde que arranc\u00f3 su mandato, &nbsp;pero una cosa es que lo intente y otra que lo logre. Para su mala suerte, Tamaulipas, insistimos, no es un pa\u00eds sino un estado que pertenece a una rep\u00fablica federal y en ese sentido, las acciones irregulares de la Fiscal\u00eda y del&nbsp; Supremo Tribunal de Justicia, se frenan con el poder de la Suprema Corte de Justicia que para hacer cumplir un amparo federal puede recurrir al mismo ej\u00e9rcito.<\/p>\n\n\n\n<p>Por encima de lo que dicte la Constituci\u00f3n local, esta la Constituci\u00f3n General. Un amparo protege ante los abusos de un juez de control.<\/p>\n\n\n\n<p>La llegada de Am\u00e9rico, de la 4T, de Canturosas, es imparable, Cabeza y los panistas de que se van, se van. Esa frase es de las pocas verdades que ha repetido Cabeza de Vaca en su fallido sexenio.<\/p>\n\n\n\n<p>Es una verg\u00fcenza que se haya detectado un audio donde un presunto funcionario del Supremo Poder de Justicia&nbsp; le ordena a una&nbsp; jueza de control que gire una orden de aprehensi\u00f3n en contra de Canturosas, a lo que la funcionaria se neg\u00f3. A fin de cuentas no todos son agachones, como los diputados del PAN, que se tiran al suelo en calidad de alfombra, para que su jefecito los humille y les lance un fajo de billetes.<\/p>\n\n\n\n<p>En otro tema, este d\u00eda hubo una protesta frente al palacio de gobierno estatal, en la que los manifestantes acusaron al presidente de la Sala Superior del Tribunal Electoral de la Federaci\u00f3n, Reyes Rodr\u00edguez Mondrag\u00f3n de buscar anular la elecci\u00f3n de Tamaulipas.<\/p>\n\n\n\n<p>Dijeron que este personaje mantiene una relaci\u00f3n estrecha tanto con el gobernador Francisco Garc\u00eda Cabeza de Vaca como con su asesor, Roberto Gil Zuarth y presiona a los magistrados para que anulen la elecci\u00f3n.<\/p>\n\n\n\n<p>Enrique Ya\u00f1ez, empresario y activista, explic\u00f3 que esta convocatoria para recabar firmas de apoyo al doctor Am\u00e9rico Villarreal se prolongar\u00e1 el tiempo que sea necesario, este viernes en la capital del estado y probablemente en los pr\u00f3ximos d\u00edas el movimiento se extienda a otras ciudades de Tamaulipas<\/p>\n\n\n\n<p>En otro tema, en el segundo trienio de Horacio Garza Garza al frente del Ayuntamiento de Nuevo Laredo 1999-2001, los entonces panistas Ernesto Ferrara Theriot y Jorge Ram\u00edrez Rubio, encabezaron el programa anticorrupci\u00f3n.<\/p>\n\n\n\n<p>Hoy a Ferrara le toca de nuevo esa responsabilidad, como presidente de la Comisi\u00f3n de la Verdad que investiga a la administraci\u00f3n del ex alcalde Enrique Rivas Cu\u00e9llar y &nbsp;se tiene armadas 279 carpetas de investigaci\u00f3n sobre presuntas irregularidades detectadas en compras a proveedores, obras contratadas, en la n\u00f3mina, en oficinas administrativas.<\/p>\n\n\n\n<p>Uno de los asuntos que se investiga es la compra de m\u00e1s de 34 mil cartuchos de t\u00f3ner, lo que suena exagerado.<\/p>\n\n\n\n<p>Vamos a darle tiempo al tiempo&nbsp; y ver las conclusiones de esta Comisi\u00f3n de la Verdad, encabezada por un regidor que hasta hace algunos meses militaba en el PAN, pero en ese partido lo&nbsp; marginaron y lo orillaron a renunciar; que ahora no se sientan sorprendidos de su reacci\u00f3n.<\/p>\n\n\n\n<p>Esta Comisi\u00f3n no ha formalizado denuncias contra la anterior administraci\u00f3n municipal, porque no ten\u00eda caso hacerlo. Si lo hubiera hecho, los expedientes hubieran terminado en un caj\u00f3n, en el mejor de los casos, o destruidos, en un alarde de&nbsp; soberbia.<\/p>\n\n\n\n<p>Y es que como dijimos al inicio de esta colaboraci\u00f3n, no hay en estos momentos en Tamaulipas divisi\u00f3n de poderes. La \u00fanica voluntad que opera es la del gobernador y \u00e9l no es tan tonto como para darse un&nbsp; balazo en el pie, permitiendo que se investigue a ex alcaldes del PAN.<br \/>No lo hizo con el nefasto de Xicot\u00e9ncatl Gonz\u00e1lez y la prima consentida, Pilar G\u00f3mez, que saquearon Ciudad Victoria.<\/p>\n\n\n\n<p>\u00cbl sabia que destapando la Caja de Pandora,&nbsp; saldr\u00eda a la luz p\u00fablica mucha pus&nbsp; y por eso no lo hizo.<\/p>\n\n\n\n<p>Pero ya sin el Ejecutivo en manos de Cabeza, otra ser\u00e1 la historia que se escriba en Nuevo Laredo y en Tamaulipas.<\/p>\n","protected":false},"excerpt":{"rendered":"<p>-Pero eso termina el 30 de septiembre -Presidente de Sala Superior, al servicio de Cabeza -Ernesto Ferrara llega a la Comisi\u00f3n de la Verdad Tiempo de opinar Ra\u00fal Hern\u00e1ndez Moreno &hellip; <a href=\"http:\/\/revistalaneta.com.mx\/?p=887\" class=\"more-link\">Leer m\u00e1s<\/a><\/p>\n","protected":false},"author":1,"featured_media":886,"comment_status":"open","ping_status":"open","sticky":false,"template":"","format":"standard","meta":{"footnotes":""},"categories":[2,3],"tags":[],"class_list":["post-887","post","type-post","status-publish","format-standard","has-post-thumbnail","hentry","category-chismorreo","category-opinion","entry"],"_links":{"self":[{"href":"http:\/\/revistalaneta.com.mx\/index.php?rest_route=\/wp\/v2\/posts\/887","targetHints":{"allow":["GET"]}}],"collection":[{"href":"http:\/\/revistalaneta.com.mx\/index.php?rest_route=\/wp\/v2\/posts"}],"about":[{"href":"http:\/\/revistalaneta.com.mx\/index.php?rest_route=\/wp\/v2\/types\/post"}],"author":[{"embeddable":true,"href":"http:\/\/revistalaneta.com.mx\/index.php?rest_route=\/wp\/v2\/users\/1"}],"replies":[{"embeddable":true,"href":"http:\/\/revistalaneta.com.mx\/index.php?rest_route=%2Fwp%2Fv2%2Fcomments&post=887"}],"version-history":[{"count":1,"href":"http:\/\/revistalaneta.com.mx\/index.php?rest_route=\/wp\/v2\/posts\/887\/revisions"}],"predecessor-version":[{"id":888,"href":"http:\/\/revistalaneta.com.mx\/index.php?rest_route=\/wp\/v2\/posts\/887\/revisions\/888"}],"wp:featuredmedia":[{"embeddable":true,"href":"http:\/\/revistalaneta.com.mx\/index.php?rest_route=\/wp\/v2\/media\/886"}],"wp:attachment":[{"href":"http:\/\/revistalaneta.com.mx\/index.php?rest_route=%2Fwp%2Fv2%2Fmedia&parent=887"}],"wp:term":[{"taxonomy":"category","embeddable":true,"href":"http:\/\/revistalaneta.com.mx\/index.php?rest_route=%2Fwp%2Fv2%2Fcategories&post=887"},{"taxonomy":"post_tag","embeddable":true,"href":"http:\/\/revistalaneta.com.mx\/index.php?rest_route=%2Fwp%2Fv2%2Ftags&post=887"}],"curies":[{"name":"wp","href":"https:\/\/api.w.org\/{rel}","templated":true}]}}