{"id":890,"date":"2022-09-24T14:18:35","date_gmt":"2022-09-24T14:18:35","guid":{"rendered":"http:\/\/revistalaneta.com.mx\/?p=890"},"modified":"2022-09-24T14:19:14","modified_gmt":"2022-09-24T14:19:14","slug":"acusan-a-magistrado-de-querer-anular-eleccion","status":"publish","type":"post","link":"http:\/\/revistalaneta.com.mx\/?p=890","title":{"rendered":"ACUSAN A MAGISTRADO DE QUERER ANULAR ELECCI\u00d3N"},"content":{"rendered":"\n<p>Tras se\u00f1alar que el Magistrado Presidente de la Sala Superior del Tribunal Electoral del Poder Judicial de la Federaci\u00f3n, Reyes Rodr\u00edguez Mondrag\u00f3n, tiene nexos con el actual gobierno estatal, y como tal ha retrasado la resoluci\u00f3n de la \u00faltima impugnaci\u00f3n sobre la elecci\u00f3n por la gubernatura del estado presentada por el Partido Acci\u00f3n Nacional (PAN), a la vez que no est\u00e1 actuando con parcialidad y todo apunta pretende anular sin sustento la elecci\u00f3n por la gubernatura del estado, el equipo jur\u00eddico de Am\u00e9rico Villarreal Anaya asever\u00f3 que se interpondr\u00e1n acciones jur\u00eddicas contra dicho Magistrado, pues es obvio que no est\u00e1 actuando con parcialidad y en pleno apego a sus obligaciones. Tania Contreras L\u00f3pez representante legal de Am\u00e9rico, dijo que prueba irrefutable de las pretensiones del Magistrado Rodr\u00edguez Mondrag\u00f3n es que el caso de la elecci\u00f3n en Tamaulipas no se agend\u00f3 por parte del TEPJF para el 28 de septiembre, como inicialmente se hab\u00eda dicho, por lo que lo m\u00e1s seguro es que sea hasta el 30 de septiembre cuando se emita el veredicto, que es justamente el \u00faltimo d\u00eda para ello, siendo que bien pudo emitirse el fallo desde hace tiempo.<\/p>\n\n\n\n<p>PIDEN RESOLVER EL CASO A LA DE YA<br \/>A la par, representantes de la sociedad civil tamaulipeca se reunieron este viernes a la entrada del Palacio de Gobierno de Ciudad Victoria para exigir la pronta resoluci\u00f3n de la referida impugnaci\u00f3n, y a la vez firmar una carta de apoyo a Am\u00e9rico Villarreal Anaya, al considerar que pretenden anular su triunfo, que aseguran fue leg\u00edtimo, y sobre todo que representa el sentir popular de 731 mil tamaulipecos. Ciudadanos de todos los estratos sociales manifestaron que ya todas las instancias electorales han ratificado el triunfo de Am\u00e9rico, pero curiosamente la Sala Superior del Tribunal Electoral del Poder Judicial de la Federaci\u00f3n ha retrasado la \u00faltima impugnaci\u00f3n, generando con ello un marco de sospechas de perjudicar al gobernador electo.<\/p>\n\n\n\n<p>CONFIRMAN QUE S\u00cd HAY PERSECUCI\u00d3N POL\u00cdTICA<br \/>Y en medio de todo este conflicto postelectoral, surgi\u00f3 otra bomba pol\u00edtica luego de que se filtrara un audio donde se escucha al licenciado Edgar Ch\u00e1vez De Le\u00f3n, secretario particular del Presidente del Supremo Tribunal de Justicia del Estado de Tamaulipas, presionar a una Juez para que gire una nueva orden de aprehensi\u00f3n contra el ex alcalde de Nuevo Laredo, Carlos Canturosas Villarreal, siendo que el citado ya ha librado las acusaciones en su contra, pero por lo visto hay intereses muy oscuros para seguirlo perjudicando. Y esto viene a confirmar que efectivamente s\u00ed hay indicaciones desde las m\u00e1s altas esferas del Gobierno del Estado para afectar a gente ligada al gobernador electo, Am\u00e9rico Villarreal Anaya.<\/p>\n\n\n\n<p>A UNA SEMANA DE LA TOMA DE PROTESTA<br \/>Justamente este s\u00e1bado estamos a una semana de que Am\u00e9rico Villarreal Anaya asuma el cargo como Gobernador Constitucional del Estado de Tamaulipas. Aunque claro que para esto primero se tendr\u00e1 que emitir el resultado de la \u00faltima impugnaci\u00f3n por parte de la Sala Superior del Tribunal Electoral del Poder Judicial de la Federaci\u00f3n, aunque esto no impide que se realicen los tr\u00e1mites correspondientes para la toma de protesta, la cual ser\u00e1 en el recinto ferial, y sobre lo que ya se est\u00e1n corriendo las invitaciones.<\/p>\n\n\n\n<p>VISITA RECTOR DE LA UAT NUEVO LAREDO<br \/>Bajo el firme prop\u00f3sito de estrechar v\u00ednculos y establecer con los sectores productivos y sociales, una agenda conjunta que permita contribuir al desarrollo regional de Tamaulipas, el Rector de la Universidad Aut\u00f3noma de Tamaulipas (UAT), Guillermo Mendoza Cavazos, estuvo en Nuevo Laredo, donde celebr\u00f3 el Encuentro Conecta, en el cual participaron autoridades de los tres niveles de gobierno, as\u00ed como empresarios y educadores. En el evento se hizo la presentaci\u00f3n de una amplia exposici\u00f3n de temas en cuatro grandes rubros como lo son: definir una agenda de investigaci\u00f3n para el desarrollo econ\u00f3mico y social en Nuevo Laredo; el portafolio de la oferta educativa; fortalecer una alianza estrat\u00e9gica en la Red UAT; as\u00ed como la presencia regional universitaria. Asimismo se firm\u00f3 con los participantes una carta de intenci\u00f3n que formaliza el v\u00ednculo de trabajo con los sectores y a la par se present\u00f3 el Plan de Desarrollo de la UAT, as\u00ed como los programas educativos que se imparten en el estado.<\/p>\n\n\n\n<p>RINDE RECTOR DE LA UTNL INFORME<br \/>Un informe sobre su gesti\u00f3n durante los cinco a\u00f1os al frente de la Universidad Tecnol\u00f3gica de Nuevo Laredo (UTNL), rindi\u00f3 el Rector de la misma, Alfonso Salas P\u00e9rez, este viernes en un evento celebrado en la misma instituci\u00f3n y ante representantes de la sociedad civil y autoridades educativas. En el acto Salas P\u00e9rez dio cuenta de los diversos proyectos llevados a cabo desde el 2017 a la fecha, y en los que se cont\u00f3 con el respaldo del Gobierno del Estado. En presencia del doctor H\u00e9ctor Arreola Soria, coordinador general de Universidades Tecnol\u00f3gicas y Polit\u00e9cnicas de la Secretar\u00eda de Educaci\u00f3n P\u00fablica, hizo saber que hoy en d\u00eda la UTNL tiene una tasa de titulaci\u00f3n del 91.12 por ciento, que est\u00e1 muy por encima del 66 por ciento de la media nacional, con apenas un 5.31 por ciento de deserci\u00f3n y un 0.26 por ciento de reprobaci\u00f3n. Igualmente reconoci\u00f3 la labor del Patronato de la Universidad Tecnol\u00f3gica de Nuevo Laredo, presidido por el agente aduanal, Mario Palos Garza, y bajo el cual se lograron diversas actividades en las que se recaudaron fondos para poder becar a casi 400 alumnos, entre muchas otras cosas.<\/p>\n","protected":false},"excerpt":{"rendered":"<p>Tras se\u00f1alar que el Magistrado Presidente de la Sala Superior del Tribunal Electoral del Poder Judicial de la Federaci\u00f3n, Reyes Rodr\u00edguez Mondrag\u00f3n, tiene nexos con el actual gobierno estatal, y &hellip; <a href=\"http:\/\/revistalaneta.com.mx\/?p=890\" class=\"more-link\">Leer m\u00e1s<\/a><\/p>\n","protected":false},"author":1,"featured_media":889,"comment_status":"open","ping_status":"open","sticky":false,"template":"","format":"standard","meta":{"footnotes":""},"categories":[2,3],"tags":[],"class_list":["post-890","post","type-post","status-publish","format-standard","has-post-thumbnail","hentry","category-chismorreo","category-opinion","entry"],"_links":{"self":[{"href":"http:\/\/revistalaneta.com.mx\/index.php?rest_route=\/wp\/v2\/posts\/890","targetHints":{"allow":["GET"]}}],"collection":[{"href":"http:\/\/revistalaneta.com.mx\/index.php?rest_route=\/wp\/v2\/posts"}],"about":[{"href":"http:\/\/revistalaneta.com.mx\/index.php?rest_route=\/wp\/v2\/types\/post"}],"author":[{"embeddable":true,"href":"http:\/\/revistalaneta.com.mx\/index.php?rest_route=\/wp\/v2\/users\/1"}],"replies":[{"embeddable":true,"href":"http:\/\/revistalaneta.com.mx\/index.php?rest_route=%2Fwp%2Fv2%2Fcomments&post=890"}],"version-history":[{"count":1,"href":"http:\/\/revistalaneta.com.mx\/index.php?rest_route=\/wp\/v2\/posts\/890\/revisions"}],"predecessor-version":[{"id":891,"href":"http:\/\/revistalaneta.com.mx\/index.php?rest_route=\/wp\/v2\/posts\/890\/revisions\/891"}],"wp:featuredmedia":[{"embeddable":true,"href":"http:\/\/revistalaneta.com.mx\/index.php?rest_route=\/wp\/v2\/media\/889"}],"wp:attachment":[{"href":"http:\/\/revistalaneta.com.mx\/index.php?rest_route=%2Fwp%2Fv2%2Fmedia&parent=890"}],"wp:term":[{"taxonomy":"category","embeddable":true,"href":"http:\/\/revistalaneta.com.mx\/index.php?rest_route=%2Fwp%2Fv2%2Fcategories&post=890"},{"taxonomy":"post_tag","embeddable":true,"href":"http:\/\/revistalaneta.com.mx\/index.php?rest_route=%2Fwp%2Fv2%2Ftags&post=890"}],"curies":[{"name":"wp","href":"https:\/\/api.w.org\/{rel}","templated":true}]}}