{"id":893,"date":"2022-09-26T02:35:46","date_gmt":"2022-09-26T02:35:46","guid":{"rendered":"http:\/\/revistalaneta.com.mx\/?p=893"},"modified":"2022-09-26T02:36:31","modified_gmt":"2022-09-26T02:36:31","slug":"hijo-del-truko-revela-que-ya-secompro-la-anulacion-de-la-eleccion","status":"publish","type":"post","link":"http:\/\/revistalaneta.com.mx\/?p=893","title":{"rendered":"Hijo del Truko revela que ya se<br>compr\u00f3 la anulaci\u00f3n de la elecci\u00f3n"},"content":{"rendered":"\n<p><\/p>\n\n\n\n<p>Cd. Victoria, Tamps.- C\u00e9sar Ver\u00e1stegui Aranda, hijo de El Truko Ver\u00e1stegui presumi\u00f3, este s\u00e1bado, ante un grupo de panistas que la elecci\u00f3n en Tamaulipas ser\u00e1 anulada porque ya \u201cse arregl\u00f3\u201d a los Magistrados del Tribunal Electoral.<br>\u201cMe consta, he estado cerca de ese procedimiento\u201d, dijo Ver\u00e1stegui Aranda.<br>En redes sociales circula un video del hijo del candidato panista a la gubernatura y tambi\u00e9n se divulgaron im\u00e1genes de la reuni\u00f3n, en donde afirma que el mi\u00e9rcoles de esta semana ya \u201ccon un elemento fuera causante de esto, se anular\u00e1 la elecci\u00f3n y se convocar\u00e1 a nuevas elecciones\u201d.<\/p>\n\n\n\n<p>\u201cLo digo por conocimiento de causa, la verdad, y porque he estado presente y cr\u00e9anme que hay muchas posibilidades de que se caiga la elecci\u00f3n y que podamos volver a trabajar juntos en varios meses con nuestro mismo candidato, con nuestro mismo equipo, y si Dios quiere ah\u00ed nos vamos a ver, si Dios quiere ah\u00ed nos vamos a ver\u201d, agreg\u00f3 en su mensaje a los panistas.<\/p>\n\n\n\n<p>En la reuni\u00f3n C\u00e9sar Ver\u00e1stegui Aranda confes\u00f3 que su pap\u00e1, el Truko, se entrevistar\u00eda este domingo, en Monterrey con un poderoso abogado a quien le entregar\u00eda un \u2018pago grande\u2019 para anular la elecci\u00f3n.<\/p>\n\n\n\n<p>Desde esta semana el Partido Acci\u00f3n Nacional comenz\u00f3 a movilizar a sus simpatizantes y a reunir a los Comit\u00e9s Municipales a fin de comenzar a preparar la elecci\u00f3n que afirman se repetir\u00eda.<\/p>\n\n\n\n<p>Sobre este video y los dichos del hijo del Truko, la dirigencia de Morena solicit\u00f3 una investigaci\u00f3n a fondo para conocer a los autores intelectuales de esta medida en la que se pretende comprar la voluntad de los Magistrados Electorales.<br \/>Tambi\u00e9n para que Ver\u00e1stegui Aranda ofrezca una explicaci\u00f3n sobre quienes m\u00e1s est\u00e1n involucrados y pretenden modificar el resultado de la elecci\u00f3n en Tamaulipas, as\u00ed como para que explique con quien se reuni\u00f3 y quienes est\u00e1n detr\u00e1s de este complot.<\/p>\n\n\n\n<p>Por su parte, la bancada de Morena en el Congreso local secund\u00f3 a la dirigencia de su partido y responsabiliz\u00f3 a Francisco Garc\u00eda Cabeza de Vaca, C\u00e9sar Ver\u00e1stegui Ostos y a Roberto Gil Zuarth de cualquier situaci\u00f3n que le pudiera ocurrir al doctor Am\u00e9rico Villarreal Anaya o a su familia, pues de acuerdo a las propias palabras del hijo del Truko Ver\u00e1stegui, se planea para esta semana un evento que cambiar\u00eda la vida de Tamaulipas.<\/p>\n\n\n\n<p>La dirigencia morenista se\u00f1al\u00f3 que esto que hace el PAN, el Gobernador Cabeza de Vaca y El Truko Ver\u00e1stegui es un atentado a la democracia y a\u00f1adi\u00f3 que existe un plan perverso para no permitir la toma de protesta del doctor Am\u00e9rico Villarreal Anaya como Gobernador Constitucional del Estado.<\/p>\n","protected":false},"excerpt":{"rendered":"<p>Cd. Victoria, Tamps.- C\u00e9sar Ver\u00e1stegui Aranda, hijo de El Truko Ver\u00e1stegui presumi\u00f3, este s\u00e1bado, ante un grupo de panistas que la elecci\u00f3n en Tamaulipas ser\u00e1 anulada porque ya \u201cse arregl\u00f3\u201d &hellip; <a href=\"http:\/\/revistalaneta.com.mx\/?p=893\" class=\"more-link\">Leer m\u00e1s<\/a><\/p>\n","protected":false},"author":1,"featured_media":892,"comment_status":"open","ping_status":"open","sticky":false,"template":"","format":"standard","meta":{"footnotes":""},"categories":[7,8],"tags":[],"class_list":["post-893","post","type-post","status-publish","format-standard","has-post-thumbnail","hentry","category-ciudad-victoria","category-tamaulipas-sur","entry"],"_links":{"self":[{"href":"http:\/\/revistalaneta.com.mx\/index.php?rest_route=\/wp\/v2\/posts\/893","targetHints":{"allow":["GET"]}}],"collection":[{"href":"http:\/\/revistalaneta.com.mx\/index.php?rest_route=\/wp\/v2\/posts"}],"about":[{"href":"http:\/\/revistalaneta.com.mx\/index.php?rest_route=\/wp\/v2\/types\/post"}],"author":[{"embeddable":true,"href":"http:\/\/revistalaneta.com.mx\/index.php?rest_route=\/wp\/v2\/users\/1"}],"replies":[{"embeddable":true,"href":"http:\/\/revistalaneta.com.mx\/index.php?rest_route=%2Fwp%2Fv2%2Fcomments&post=893"}],"version-history":[{"count":1,"href":"http:\/\/revistalaneta.com.mx\/index.php?rest_route=\/wp\/v2\/posts\/893\/revisions"}],"predecessor-version":[{"id":894,"href":"http:\/\/revistalaneta.com.mx\/index.php?rest_route=\/wp\/v2\/posts\/893\/revisions\/894"}],"wp:featuredmedia":[{"embeddable":true,"href":"http:\/\/revistalaneta.com.mx\/index.php?rest_route=\/wp\/v2\/media\/892"}],"wp:attachment":[{"href":"http:\/\/revistalaneta.com.mx\/index.php?rest_route=%2Fwp%2Fv2%2Fmedia&parent=893"}],"wp:term":[{"taxonomy":"category","embeddable":true,"href":"http:\/\/revistalaneta.com.mx\/index.php?rest_route=%2Fwp%2Fv2%2Fcategories&post=893"},{"taxonomy":"post_tag","embeddable":true,"href":"http:\/\/revistalaneta.com.mx\/index.php?rest_route=%2Fwp%2Fv2%2Ftags&post=893"}],"curies":[{"name":"wp","href":"https:\/\/api.w.org\/{rel}","templated":true}]}}