{"id":904,"date":"2022-09-26T02:47:33","date_gmt":"2022-09-26T02:47:33","guid":{"rendered":"http:\/\/revistalaneta.com.mx\/?p=904"},"modified":"2022-09-26T02:47:34","modified_gmt":"2022-09-26T02:47:34","slug":"nombra-cabildo-a-ernesto-ferrara-como-presidente-de-la-comision-de-la-verdad-y-anticorrupcion","status":"publish","type":"post","link":"http:\/\/revistalaneta.com.mx\/?p=904","title":{"rendered":"Nombra Cabildo a Ernesto Ferrara c\u00f3mo presidente de la Comisi\u00f3n de la Verdad y Anticorrupci\u00f3n"},"content":{"rendered":"\n<p><\/p>\n\n\n\n<p>Nuevo Laredo, Tamps.- Tras un ajuste en la integraci\u00f3n de las comisiones del Republicano Ayuntamiento de Nuevo Laredo, el d\u00e9cimo quinto regidor Ernesto Ferrara Theriot fue nombrado presidente de la Comisi\u00f3n de la Verdad y Anticorrupci\u00f3n, para dar seguimiento a los trabajos encabezados por su antecesor Jorge Valdez Vargas (qepd).<\/p>\n\n\n\n<p>Luego de haber sido votado por la mayor\u00eda del Cabildo dentro de la 36 Sesi\u00f3n Ordinaria, el edil encabezar\u00e1 esta comisi\u00f3n que fue creada al inicio de la administraci\u00f3n con la finalidad de investigar actos de corrupci\u00f3n cometidos por la anterior administraci\u00f3n.<\/p>\n\n\n\n<p>Ferrara Theriot estar\u00e1 acompa\u00f1ado por \u00c9rika Nancy Mendoza Ch\u00e1vez como secretaria, Jes\u00fas Alberto Jasso Montemayor como primer vocal, Julia Elida Ortega de los Santos como segundo vocal, Guadalupe Zapata Mu\u00f1iz como tercer vocal, Francisco Javier Altamirano Carrasco, cuarto vocal y Roberto Viviano V\u00e1zquez Mac\u00edas, quinto vocal.<\/p>\n\n\n\n<p>\u201cDesde la formaci\u00f3n de esta nueva comisi\u00f3n nos comprometimos a trabajar para investigar y actuar conforme a la ley contra los actos de corrupci\u00f3n cometidos por el gobierno anterior que provocaron un grave retroceso en la ciudad, ya se ten\u00eda un gran avance y ahora nos toca dar seguimiento a esta labor para entregar m\u00e1s resultados a la ciudadan\u00eda\u201d, se\u00f1al\u00f3 Ferrara Theriot.<\/p>\n\n\n\n<p>La propuesta para que el d\u00e9cimo quinto regidor encabezar\u00e1 la comisi\u00f3n, fue respaldada por la s\u00edndica Imelda Mang\u00edn Torre, los regidores Mariza Z\u00e1rate, Luis Cavazos C\u00e1rdenas y Viviano Vazquez.<\/p>\n\n\n\n<p>Coincidieron en la capacidad de Ferrara Theriot para dar continuidad a las investigaciones y denuncias interpuestas contra ex funcionarios que pudieron haber incurrido en actos de corrupci\u00f3n.<\/p>\n","protected":false},"excerpt":{"rendered":"<p>Nuevo Laredo, Tamps.- Tras un ajuste en la integraci\u00f3n de las comisiones del Republicano Ayuntamiento de Nuevo Laredo, el d\u00e9cimo quinto regidor Ernesto Ferrara Theriot fue nombrado presidente de la &hellip; <a href=\"http:\/\/revistalaneta.com.mx\/?p=904\" class=\"more-link\">Leer m\u00e1s<\/a><\/p>\n","protected":false},"author":1,"featured_media":903,"comment_status":"open","ping_status":"open","sticky":false,"template":"","format":"standard","meta":{"footnotes":""},"categories":[6],"tags":[],"class_list":["post-904","post","type-post","status-publish","format-standard","has-post-thumbnail","hentry","category-destacado","entry"],"_links":{"self":[{"href":"http:\/\/revistalaneta.com.mx\/index.php?rest_route=\/wp\/v2\/posts\/904","targetHints":{"allow":["GET"]}}],"collection":[{"href":"http:\/\/revistalaneta.com.mx\/index.php?rest_route=\/wp\/v2\/posts"}],"about":[{"href":"http:\/\/revistalaneta.com.mx\/index.php?rest_route=\/wp\/v2\/types\/post"}],"author":[{"embeddable":true,"href":"http:\/\/revistalaneta.com.mx\/index.php?rest_route=\/wp\/v2\/users\/1"}],"replies":[{"embeddable":true,"href":"http:\/\/revistalaneta.com.mx\/index.php?rest_route=%2Fwp%2Fv2%2Fcomments&post=904"}],"version-history":[{"count":1,"href":"http:\/\/revistalaneta.com.mx\/index.php?rest_route=\/wp\/v2\/posts\/904\/revisions"}],"predecessor-version":[{"id":905,"href":"http:\/\/revistalaneta.com.mx\/index.php?rest_route=\/wp\/v2\/posts\/904\/revisions\/905"}],"wp:featuredmedia":[{"embeddable":true,"href":"http:\/\/revistalaneta.com.mx\/index.php?rest_route=\/wp\/v2\/media\/903"}],"wp:attachment":[{"href":"http:\/\/revistalaneta.com.mx\/index.php?rest_route=%2Fwp%2Fv2%2Fmedia&parent=904"}],"wp:term":[{"taxonomy":"category","embeddable":true,"href":"http:\/\/revistalaneta.com.mx\/index.php?rest_route=%2Fwp%2Fv2%2Fcategories&post=904"},{"taxonomy":"post_tag","embeddable":true,"href":"http:\/\/revistalaneta.com.mx\/index.php?rest_route=%2Fwp%2Fv2%2Ftags&post=904"}],"curies":[{"name":"wp","href":"https:\/\/api.w.org\/{rel}","templated":true}]}}