{"id":907,"date":"2022-09-26T02:50:36","date_gmt":"2022-09-26T02:50:36","guid":{"rendered":"http:\/\/revistalaneta.com.mx\/?p=907"},"modified":"2022-09-26T02:50:42","modified_gmt":"2022-09-26T02:50:42","slug":"atiende-municipio-a-mas-de-mil-estudiantes-con-programa-escuela-y-salud","status":"publish","type":"post","link":"http:\/\/revistalaneta.com.mx\/?p=907","title":{"rendered":"Atiende municipio a m\u00e1s de mil estudiantes con programa &#8220;Escuela y Salud&#8221;"},"content":{"rendered":"\n<p><\/p>\n\n\n\n<p>Nuevo Laredo, Tamps.- A trav\u00e9s del programa\u00a0 \u201cEscuela y Salud\u201d el Gobierno Municipal\u00a0 brind\u00f3 atenci\u00f3n a\u00a0 m\u00e1s de mil estudiantes de cuatro instituciones educativas de la ciudad con servicios m\u00e9dicos, de nutrici\u00f3n,dental, atenci\u00f3n f\u00edsica y mental.\u00a0\u00a0<\/p>\n\n\n\n<p>Ofrecieron consulta dental y aplicaci\u00f3n de fluoruro, medicamento para la prevenci\u00f3n de pediculosis, consulta nutricional a menores detectados con anterioridad por las autoridades escolares.<\/p>\n\n\n\n<p>Trabajadores de la direcci\u00f3n de Salud acudieron durante esta semana a las escuelas &nbsp; \u201cJorge Gonz\u00e1lez Camarena\u201d y &#8220;Nueva Creaci\u00f3n&#8221; en la colonia&nbsp; Valles de An\u00e1huac; &#8220;Lucio Blanco Fuentes&#8221;, en Los Toboganes.<\/p>\n\n\n\n<p>El viernes en la primaria \u201cOlivia Ram\u00edrez\u201d, dieron inicio a la temporada de la vacunaci\u00f3n contra la influenza aplicando la dosis a 140 menores.<\/p>\n\n\n\n<p>\u201cEl programa es un gran apoyo para todos los padres de familia y para los ni\u00f1os. Sobre todo porque est\u00e1n interesados en la salud, estoy contento porque van a recibir diferentes atenciones\u201d, dijo el profesor Luis Guti\u00e9rrez Duarte, director de la escuela Olivia Ram\u00edrez.&nbsp;<\/p>\n\n\n\n<p>Mediante \u201cEscuela y Salud\u201d se&nbsp; canaliz\u00f3 a 156 estudiantes&nbsp; a las Cl\u00ednicas UNE para un seguimiento y atenci\u00f3n especializada, de los cuales&nbsp; 71 ni\u00f1os ser\u00e1n atendidos en nutrici\u00f3n y 85 para atenci\u00f3n dental.&nbsp;<\/p>\n\n\n\n<p>A los estudiantes con discapacidad motriz se les brindar\u00e1 asesor\u00eda&nbsp; f\u00edsica y se dar\u00e1 atenci\u00f3n a una menor con problemas auditivos, adem\u00e1s se gestionaron lentes para 3 alumnos.<\/p>\n\n\n\n<p>La pr\u00f3xima semana estar\u00e1n en las escuelas primarias Jos\u00e9 Ort\u00edz de Dom\u00ednguez, Gregorio Torres Quintero, Plan de Ayala, Manuela Medina y el jard\u00edn de ni\u00f1os Reginaldo Elizondo<\/p>\n","protected":false},"excerpt":{"rendered":"<p>Nuevo Laredo, Tamps.- A trav\u00e9s del programa\u00a0 \u201cEscuela y Salud\u201d el Gobierno Municipal\u00a0 brind\u00f3 atenci\u00f3n a\u00a0 m\u00e1s de mil estudiantes de cuatro instituciones educativas de la ciudad con servicios m\u00e9dicos, &hellip; <a href=\"http:\/\/revistalaneta.com.mx\/?p=907\" class=\"more-link\">Leer m\u00e1s<\/a><\/p>\n","protected":false},"author":1,"featured_media":906,"comment_status":"open","ping_status":"open","sticky":false,"template":"","format":"standard","meta":{"footnotes":""},"categories":[4],"tags":[],"class_list":["post-907","post","type-post","status-publish","format-standard","has-post-thumbnail","hentry","category-nuevo-laredo","entry"],"_links":{"self":[{"href":"http:\/\/revistalaneta.com.mx\/index.php?rest_route=\/wp\/v2\/posts\/907","targetHints":{"allow":["GET"]}}],"collection":[{"href":"http:\/\/revistalaneta.com.mx\/index.php?rest_route=\/wp\/v2\/posts"}],"about":[{"href":"http:\/\/revistalaneta.com.mx\/index.php?rest_route=\/wp\/v2\/types\/post"}],"author":[{"embeddable":true,"href":"http:\/\/revistalaneta.com.mx\/index.php?rest_route=\/wp\/v2\/users\/1"}],"replies":[{"embeddable":true,"href":"http:\/\/revistalaneta.com.mx\/index.php?rest_route=%2Fwp%2Fv2%2Fcomments&post=907"}],"version-history":[{"count":1,"href":"http:\/\/revistalaneta.com.mx\/index.php?rest_route=\/wp\/v2\/posts\/907\/revisions"}],"predecessor-version":[{"id":908,"href":"http:\/\/revistalaneta.com.mx\/index.php?rest_route=\/wp\/v2\/posts\/907\/revisions\/908"}],"wp:featuredmedia":[{"embeddable":true,"href":"http:\/\/revistalaneta.com.mx\/index.php?rest_route=\/wp\/v2\/media\/906"}],"wp:attachment":[{"href":"http:\/\/revistalaneta.com.mx\/index.php?rest_route=%2Fwp%2Fv2%2Fmedia&parent=907"}],"wp:term":[{"taxonomy":"category","embeddable":true,"href":"http:\/\/revistalaneta.com.mx\/index.php?rest_route=%2Fwp%2Fv2%2Fcategories&post=907"},{"taxonomy":"post_tag","embeddable":true,"href":"http:\/\/revistalaneta.com.mx\/index.php?rest_route=%2Fwp%2Fv2%2Ftags&post=907"}],"curies":[{"name":"wp","href":"https:\/\/api.w.org\/{rel}","templated":true}]}}