{"id":910,"date":"2022-09-26T03:04:02","date_gmt":"2022-09-26T03:04:02","guid":{"rendered":"http:\/\/revistalaneta.com.mx\/?p=910"},"modified":"2022-09-26T03:04:35","modified_gmt":"2022-09-26T03:04:35","slug":"magistrado-del-tribunal-federal-valida-triunfo-de-americo-el-miercoles-se-votara-en-el-pleno","status":"publish","type":"post","link":"http:\/\/revistalaneta.com.mx\/?p=910","title":{"rendered":"Magistrado del Tribunal Federal valida triunfo de Am\u00e9rico; el mi\u00e9rcoles se votar\u00e1 en el pleno"},"content":{"rendered":"\n<p><\/p>\n\n\n\n<p>Cd. Victoria, Tamps.- El Tribunal Electoral del Poder Judicial de la Federaci\u00f3n dio a conocer, este domingo, el proyecto de resoluci\u00f3n SUP-JRC-101\/2022 relacionado con la elecci\u00f3n de la gubernatura de Tamaulipas, en la que el Magistrado Jorge Luis Vargas Valdez propone declarar la validez de la elecci\u00f3n del pasado 5 de junio y confirmar el triunfo del doctor Am\u00e9rico Villarreal Anaya, como gobernador electo.<\/p>\n\n\n\n<p>A petici\u00f3n del Magistrado Vargas Valdez, el TEPJF present\u00f3 una liga en la que se puede consultar el proyecto que ser\u00e1 presentado ante la Sala Superior del Tribunal Electoral.<\/p>\n\n\n\n<p>El magistrado Vargas Valdez plantea en su proyecto dos resolutivos:<\/p>\n\n\n\n<ul class=\"wp-block-list\"><li>Se modifica la sentencia controvertida para quedar en los t\u00e9rminos de la presente ejecutoria.<\/li><li>Se confirma el c\u00f3mputo estatal, la declaraci\u00f3n de validez de la elecci\u00f3n y la entrega de constancia de mayor\u00eda expedida a favor de Am\u00e9rico Villarreal Anaya quien fue postulado en candidatura comu\u0301n por \u201cJuntos Hacemos Historia en Tamaulipas\u201d, integrada por los partidos MORENA, del Trabajo y Verde Ecologista de Me\u0301xico.<\/li><\/ul>\n\n\n\n<p>Cabe mencionar que el d\u00eda de ayer, en una tarjeta informativa, la Sala Superior del TEPJ aclar\u00f3 que a partir de que el expediente se encuentra en estudio de una ponencia, la magistratura a cargo (magistratura instructora), \u201ces la responsable de distribuir el proyecto de sentencia y someterlo al conocimiento del pleno de la Sala Superior\u201d.<\/p>\n","protected":false},"excerpt":{"rendered":"<p>Cd. Victoria, Tamps.- El Tribunal Electoral del Poder Judicial de la Federaci\u00f3n dio a conocer, este domingo, el proyecto de resoluci\u00f3n SUP-JRC-101\/2022 relacionado con la elecci\u00f3n de la gubernatura de &hellip; <a href=\"http:\/\/revistalaneta.com.mx\/?p=910\" class=\"more-link\">Leer m\u00e1s<\/a><\/p>\n","protected":false},"author":1,"featured_media":909,"comment_status":"open","ping_status":"open","sticky":false,"template":"","format":"standard","meta":{"footnotes":""},"categories":[7,8],"tags":[],"class_list":["post-910","post","type-post","status-publish","format-standard","has-post-thumbnail","hentry","category-ciudad-victoria","category-tamaulipas-sur","entry"],"_links":{"self":[{"href":"http:\/\/revistalaneta.com.mx\/index.php?rest_route=\/wp\/v2\/posts\/910","targetHints":{"allow":["GET"]}}],"collection":[{"href":"http:\/\/revistalaneta.com.mx\/index.php?rest_route=\/wp\/v2\/posts"}],"about":[{"href":"http:\/\/revistalaneta.com.mx\/index.php?rest_route=\/wp\/v2\/types\/post"}],"author":[{"embeddable":true,"href":"http:\/\/revistalaneta.com.mx\/index.php?rest_route=\/wp\/v2\/users\/1"}],"replies":[{"embeddable":true,"href":"http:\/\/revistalaneta.com.mx\/index.php?rest_route=%2Fwp%2Fv2%2Fcomments&post=910"}],"version-history":[{"count":1,"href":"http:\/\/revistalaneta.com.mx\/index.php?rest_route=\/wp\/v2\/posts\/910\/revisions"}],"predecessor-version":[{"id":911,"href":"http:\/\/revistalaneta.com.mx\/index.php?rest_route=\/wp\/v2\/posts\/910\/revisions\/911"}],"wp:featuredmedia":[{"embeddable":true,"href":"http:\/\/revistalaneta.com.mx\/index.php?rest_route=\/wp\/v2\/media\/909"}],"wp:attachment":[{"href":"http:\/\/revistalaneta.com.mx\/index.php?rest_route=%2Fwp%2Fv2%2Fmedia&parent=910"}],"wp:term":[{"taxonomy":"category","embeddable":true,"href":"http:\/\/revistalaneta.com.mx\/index.php?rest_route=%2Fwp%2Fv2%2Fcategories&post=910"},{"taxonomy":"post_tag","embeddable":true,"href":"http:\/\/revistalaneta.com.mx\/index.php?rest_route=%2Fwp%2Fv2%2Ftags&post=910"}],"curies":[{"name":"wp","href":"https:\/\/api.w.org\/{rel}","templated":true}]}}