{"id":921,"date":"2022-09-26T13:34:27","date_gmt":"2022-09-26T13:34:27","guid":{"rendered":"http:\/\/revistalaneta.com.mx\/?p=921"},"modified":"2022-09-26T13:36:17","modified_gmt":"2022-09-26T13:36:17","slug":"recaban-firmas-a-favor-de-americo","status":"publish","type":"post","link":"http:\/\/revistalaneta.com.mx\/?p=921","title":{"rendered":"RECABAN FIRMAS A FAVOR DE AM\u00c9RICO"},"content":{"rendered":"\n<p>Miles de tamaulipecos salieron este domingo a manifestar su respaldo al gobernador electo, Am\u00e9rico Villarreal Anaya, ante la intentona de anular la elecci\u00f3n que aseguran gan\u00f3 democr\u00e1ticamente, y que representa el sentir de 731 mil tamaulipecos que emitieron su voto a favor del galeno. Para tal efecto se llev\u00f3 a cabo una colecta de firmas en las ciudades de Reynosa, San Fernando, Matamoros, Mante, Tampico, Tula, Aldama, Soto La Marina, Madero, G\u00f3mez Far\u00edas, Ciudad Victoria, Xicot\u00e9ncatl, Nuevo Laredo, Altamira y Llera. Y en el caso de Nuevo Laredo las r\u00fabricas fueron recabadas tanto en la plaza Ju\u00e1rez como en la plaza Hidalgo, con una gran participaci\u00f3n de ciudadanos. Y bueno para este lunes se espera que Am\u00e9rico Villarreal Anaya, o en su caso los l\u00edderes de su equipo de transici\u00f3n, ofrezcan conferencia de prensa donde se manifieste este tema, y donde sin duda tambi\u00e9n se ahondar\u00e1 sobre todo lo transcurrido durante la semana pasada, y que ha estado involucrando al gobernador electo.<\/p>\n\n\n\n<p>MAESTROS DE NLD RESPALDAN A ARNULFO RODR\u00cdGUEZ<br \/>Alrededor de 1,500 maestras neolaredenses manifestaron su apoyo al profesor Arnulfo Rodr\u00edguez Trevi\u00f1o en su b\u00fasqueda en pos de la dirigencia estatal del Sindicato Nacional de Trabajadores de la Educaci\u00f3n (SNTE) Secci\u00f3n 30 de Tamaulipas. Fue m\u00e1s que nada una reuni[on de respaldo al profesor Aurelio, toda vez que aun no sale la convocatoria para los comicios internos, y por lo tanto no se puede celebrar m\u00edtines, pero el acto realizado en el auditorio de la Escuela Secundaria T\u00e9cnica N\u00famero 32, dej\u00f3 m\u00e1s que claro que Rodr\u00edguez Trevi\u00f1o cuenta con un gran apoyo del magisterio neolaredense, por todo lo que ha hecho por dicho sector. En breve entrevista Arnulfo reconoci\u00f3 que va contra la corriente, pero que con el apoyo de las bases habr\u00e1 de salir triunfante en el pr\u00f3ximo proceso electoral, pues asegura que no hay marcha atr\u00e1s en su registro como candidato.<\/p>\n\n\n\n<p>REUNI\u00d3N DE LA CLASE POL\u00cdTICA DEL PRI<br \/>En reuni\u00f3n de trabajo celebrada en Ciudad Victoria, el dirigente estatal del Partido Revolucionario Institucional (PRI), Edgar Melhem Salinas, asegur\u00f3 que es tiempo de fortalecer al tricolor, y sobre todo de contarse para saber qui\u00e9nes siguen en dicho instituto pol\u00edtico. Melhem se reuni\u00f3 con la c\u00fapula pri\u00edsta del centro del estado, estando presentes los ex dirigentes estatales Enrique C\u00e1rdenas Del Avellano, Ramiro Ramos Salinas, Sergio Guajardo Maldonado y Lucino Cervantes Dur\u00e1n, as\u00ed como la diputada local Alejandra C\u00e1rdenas Castillejos y alcaldes de municipios aleda\u00f1os a la capital del estado, entre otras personalidades, ante quienes dijo que falta mucho para ver si se define lo de la alianza en Tamaulipas, por lo que el PRI no debe \u201cgancharse\u201d en torno a ese tema, y mejor ver que rumbo se le quiere dar al partido para fortalecerlo. No pos ta gueno.<\/p>\n\n\n\n<p>INTENSA ACTIVIDAD EN LA UNIVERSIDAD TECNOL\u00d3GICA<br \/>Con broche de oro est\u00e1 cerrando sus actividades el Rector de la Universidad Tecnol\u00f3gica de Nuevo Laredo (UTNL), Alfonso Salas P\u00e9rez, sobre todo ante las celebraciones por el 20 aniversario de la fundaci\u00f3n de dicho plantel educativo. Durante toda la semana pasada hubo infinidad de eventos organizados por la UTNL, tales como una carrera atl\u00e9tica, una exhibici\u00f3n fotogr\u00e1fica del antes y despu\u00e9s de la instituci\u00f3n, entrega de reconocimientos a personal fundador de la escuela, adem\u00e1s del informe de actividades del propio rector, firma de convenios y la celebraci\u00f3n de un torneo de gol celebrado el pasado s\u00e1bado, y cuya recaudaci\u00f3n ser\u00e1 para dar m\u00e1s becas a alumnos. Y digo que cierra con broche de oro, porque se supone que su gesti\u00f3n termina este 30 de septiembre, con la culminaci\u00f3n de la administraci\u00f3n estatal. Se puede quedar todav\u00eda a que llegue su relevo, pero al parecer se retirar\u00e1 el \u00faltimo d\u00eda del presente mes. Ya veremos qu\u00e9 pasa al respecto.<\/p>\n\n\n\n<p>CR\u00cdTICA POR CAMBIOS<br \/>Por cierto que el coordinador general de Universidades Tecnol\u00f3gicas y Polit\u00e9cnicas de la Secretar\u00eda de Educaci\u00f3n P\u00fablica, H\u00e9ctor Arreola Soria, en visita que hizo a Nuevo Laredo el pasado viernes, justamente para participar en el informe del Rector de la UTNL, Alfonso Salas P\u00e9rez, critic\u00f3 el hecho de que con los cambios de gobiernos estatales se vienen cambios de rectores en las universidades que dependen de esos gobiernos, y consider\u00f3 que eso no es muy bueno, sobre todo cuando hay resultados, por lo que dijo no se debe politizar la educaci\u00f3n, y los gobiernos que llegan deben respetar el compromiso que hicieron con la sociedad, de brindar las mejores herramientas educativas para las nuevas generaciones, y eso incluye los buenos liderazgos en los planteles educativos.<\/p>\n\n\n\n<p>INAUGURAN NUEVA EMPRESA TRANSPORTISTA<br \/>Siguen inaugur\u00e1ndose empresas transportistas en Nuevo Laredo, y prueba de ello es la reciente apertura de RM Trucking, que se suma a la enorme competencia que hay en la ciudad para el manejo de mercanc\u00edas del comercio exterior. El regidor Jos\u00e9 \u201cPepe\u201d Zapata Mu\u00f1iz, acudi\u00f3 a la inauguraci\u00f3n de la compa\u00f1\u00eda, en representaci\u00f3n de la Presidenta Municipal, Carmen Lilia Canturosas Villarreal, quien envi\u00f3 los buenos deseos para que a esta nueva empresa, situada en la colonia 150 Aniversario, le vaya bien y con ello genere m\u00e1s empleos y mejores oportunidades de competitividad en el transporte de carga.<\/p>\n\n\n\n<p>SEVERO EL PROBLEMA DE LOS PERROS CALLEJEROS<br \/>Urge en Nuevo Laredo aplicar medidas ante la intensa cantidad de perros callejeros, que ya representan un serio problema de salud. Y es que el hecho de que las autoridades sanitarias ya no est\u00e9n sacrificando canes, por cuestiones de humanidad y sobre todo ante las quejas de supuestos protectores de animales, ha generado que la poblaci\u00f3n canina callejera se haya disparado a cifras alarmantes, pues muchas de las hembras ya procrean en la propia calle. Esto a su vez ha disparado el \u00edndice de ataques de perros a personas, sin que nadie se haga responsable de ello, al no tener due\u00f1os los animales. Aparte los perros tiran los botes de basura en busca de comida y esta se disemina por todas partes, dando una mala imagen a la ciudad. Nada vale que mucha de esa basura va a dar a las redes de drenaje, que se tapan, y luego causan brotes de aguas. Aparte los perros defecan en la calle, y con ello tambi\u00e9n generan contaminaci\u00f3n. As\u00ed que por el lado que se le vea, es un serio problema, y hay que atenderlo. Porque las Sociedades Protectoras de Animales son muy buenas para defender a los canes callejeros, pero no para adoptarlos y buscar soluciones. Y as\u00ed cualquiera grita.<\/p>\n\n\n\n<p>LO \u00daLTIMO<br \/>Del 27 al 30 de septiembre celebrar\u00e1 la Universidad Aut\u00f3noma de Tamaulipas (UAT) la quinta edici\u00f3n del Festival Cultural Universitario \u201cCultivArte\u201d, en todos los planteles de la instituci\u00f3n de la entidad. Este festival es organizado por la Direcci\u00f3n de Cultura y Arte de la UAT, el festival se efectuar\u00e1 del 27 al 30 de septiembre, bajo el objetivo de fortalecer el desarrollo y la difusi\u00f3n de las artes en la comunidad e incidir en la formaci\u00f3n integral de la juventud, y cuyo evento est\u00e1 abierto a toda la sociedad en general, de manera gratuita\u2026 El ex alcalde neolaredense Carlos Canturosas Villarreal rompi\u00f3 el silencio marcado en sus redes sociales, y este domingo public\u00f3 el mensaje, \u201cYa basta del acoso y persecuci\u00f3n pol\u00edtica, las familias tamaulipecas hemos elegido y avanzaremos hacia la transformaci\u00f3n de nuestro Estado\u201d, y acompa\u00f1ado con la invitaci\u00f3n de acudir a firmar la carta de apoyo a Am\u00e9rico Villarreal Anaya. Y obviamente esto deriva de que nuevamente CCR est\u00e1 siendo v\u00edctima de ataques del gobierno estatal saliente\u2026 Sigue la presencia en Nuevo Laredo de muchas mariposas, que andan en migraci\u00f3n. Esto es algo que se da cada ciertos a\u00f1os, pero ya ten\u00eda de perdido unos cinco a\u00f1os que no se ve\u00eda tanta presencia de mariposillas. \u00bfSer\u00e1 que uno solo se est\u00e1 acostumbrado a las que pululan alrededor del mercado Maclovio Herrera? Jejejeje.<\/p>\n","protected":false},"excerpt":{"rendered":"<p>Miles de tamaulipecos salieron este domingo a manifestar su respaldo al gobernador electo, Am\u00e9rico Villarreal Anaya, ante la intentona de anular la elecci\u00f3n que aseguran gan\u00f3 democr\u00e1ticamente, y que representa &hellip; <a href=\"http:\/\/revistalaneta.com.mx\/?p=921\" class=\"more-link\">Leer m\u00e1s<\/a><\/p>\n","protected":false},"author":1,"featured_media":920,"comment_status":"open","ping_status":"open","sticky":false,"template":"","format":"standard","meta":{"footnotes":""},"categories":[2,3],"tags":[],"class_list":["post-921","post","type-post","status-publish","format-standard","has-post-thumbnail","hentry","category-chismorreo","category-opinion","entry"],"_links":{"self":[{"href":"http:\/\/revistalaneta.com.mx\/index.php?rest_route=\/wp\/v2\/posts\/921","targetHints":{"allow":["GET"]}}],"collection":[{"href":"http:\/\/revistalaneta.com.mx\/index.php?rest_route=\/wp\/v2\/posts"}],"about":[{"href":"http:\/\/revistalaneta.com.mx\/index.php?rest_route=\/wp\/v2\/types\/post"}],"author":[{"embeddable":true,"href":"http:\/\/revistalaneta.com.mx\/index.php?rest_route=\/wp\/v2\/users\/1"}],"replies":[{"embeddable":true,"href":"http:\/\/revistalaneta.com.mx\/index.php?rest_route=%2Fwp%2Fv2%2Fcomments&post=921"}],"version-history":[{"count":1,"href":"http:\/\/revistalaneta.com.mx\/index.php?rest_route=\/wp\/v2\/posts\/921\/revisions"}],"predecessor-version":[{"id":922,"href":"http:\/\/revistalaneta.com.mx\/index.php?rest_route=\/wp\/v2\/posts\/921\/revisions\/922"}],"wp:featuredmedia":[{"embeddable":true,"href":"http:\/\/revistalaneta.com.mx\/index.php?rest_route=\/wp\/v2\/media\/920"}],"wp:attachment":[{"href":"http:\/\/revistalaneta.com.mx\/index.php?rest_route=%2Fwp%2Fv2%2Fmedia&parent=921"}],"wp:term":[{"taxonomy":"category","embeddable":true,"href":"http:\/\/revistalaneta.com.mx\/index.php?rest_route=%2Fwp%2Fv2%2Fcategories&post=921"},{"taxonomy":"post_tag","embeddable":true,"href":"http:\/\/revistalaneta.com.mx\/index.php?rest_route=%2Fwp%2Fv2%2Ftags&post=921"}],"curies":[{"name":"wp","href":"https:\/\/api.w.org\/{rel}","templated":true}]}}