{"id":9284,"date":"2023-12-14T12:38:50","date_gmt":"2023-12-14T12:38:50","guid":{"rendered":"http:\/\/revistalaneta.com.mx\/?p=9284"},"modified":"2023-12-14T12:39:11","modified_gmt":"2023-12-14T12:39:11","slug":"contribuye-itca-a-preservar-tradiciones-de-altamira","status":"publish","type":"post","link":"http:\/\/revistalaneta.com.mx\/?p=9284","title":{"rendered":"Contribuye ITCA a preservar tradiciones de Altamira"},"content":{"rendered":"\n<p><\/p>\n\n\n\n<ul class=\"wp-block-list\">\n<li>Dona 350 mil pesos para adquisici\u00f3n de lavadora de sal en beneficio de salineros<\/li>\n<\/ul>\n\n\n\n<p><\/p>\n\n\n\n<p>Altamira, Tamaulipas. &#8211; En el marco de la declaratoria de Congregaci\u00f3n de Lomas de Real como Patrimonio Cultural, Brenda Denisse de la Cruz L\u00f3pez, directora general del Instituto Tamaulipeco para la Cultura y las Artes, en representaci\u00f3n del gobernador Am\u00e9rico Villarreal Anaya, entreg\u00f3 un donativo de 350 mil pesos, los cuales ser\u00e1n destinados a la adquisici\u00f3n de una lavadora de sal.<\/p>\n\n\n\n<p>La entrega se llev\u00f3 a cabo durante la conferencia matutina de pasado lunes y fue recibida por Armando Mart\u00ednez Manr\u00edquez, alcalde de Altamira con lo cual se beneficiar\u00e1 a los habitantes de esta comunidad que se dedican a una actividad ancestral como lo es la producci\u00f3n artesanal de sal.<\/p>\n\n\n\n<p>\u201cSe marca un paso crucial en la preservaci\u00f3n del patrimonio. Este gesto solidario busca fortalecer nuestras tradiciones y garantizar un futuro s\u00f3lido y vibrante para la comunidad de Lomas de Real, Municipio de Altamira\u201d, explic\u00f3.<\/p>\n\n\n\n<p>El municipio beneficiado se compromete a gestionar eficazmente la adquisici\u00f3n de la lavadora de sal, destacando este logro, como un hito en la salvaguarda de las ra\u00edces culturales.<\/p>\n\n\n\n<p>La funcionaria, se\u00f1al\u00f3 que este acto refleja el compromiso conjunto de las autoridades y la comunidad en la protecci\u00f3n y enriquecimiento del legado cultural de Tamaulipas.<code> * * *<\/code><\/p>\n","protected":false},"excerpt":{"rendered":"<p>Altamira, Tamaulipas. &#8211; En el marco de la declaratoria de Congregaci\u00f3n de Lomas de Real como Patrimonio Cultural, Brenda Denisse de la Cruz L\u00f3pez, directora general del Instituto Tamaulipeco para &hellip; <a href=\"http:\/\/revistalaneta.com.mx\/?p=9284\" class=\"more-link\">Leer m\u00e1s<\/a><\/p>\n","protected":false},"author":1,"featured_media":9283,"comment_status":"open","ping_status":"open","sticky":false,"template":"","format":"standard","meta":{"footnotes":""},"categories":[7,8],"tags":[],"class_list":["post-9284","post","type-post","status-publish","format-standard","has-post-thumbnail","hentry","category-ciudad-victoria","category-tamaulipas-sur","entry"],"_links":{"self":[{"href":"http:\/\/revistalaneta.com.mx\/index.php?rest_route=\/wp\/v2\/posts\/9284","targetHints":{"allow":["GET"]}}],"collection":[{"href":"http:\/\/revistalaneta.com.mx\/index.php?rest_route=\/wp\/v2\/posts"}],"about":[{"href":"http:\/\/revistalaneta.com.mx\/index.php?rest_route=\/wp\/v2\/types\/post"}],"author":[{"embeddable":true,"href":"http:\/\/revistalaneta.com.mx\/index.php?rest_route=\/wp\/v2\/users\/1"}],"replies":[{"embeddable":true,"href":"http:\/\/revistalaneta.com.mx\/index.php?rest_route=%2Fwp%2Fv2%2Fcomments&post=9284"}],"version-history":[{"count":1,"href":"http:\/\/revistalaneta.com.mx\/index.php?rest_route=\/wp\/v2\/posts\/9284\/revisions"}],"predecessor-version":[{"id":9285,"href":"http:\/\/revistalaneta.com.mx\/index.php?rest_route=\/wp\/v2\/posts\/9284\/revisions\/9285"}],"wp:featuredmedia":[{"embeddable":true,"href":"http:\/\/revistalaneta.com.mx\/index.php?rest_route=\/wp\/v2\/media\/9283"}],"wp:attachment":[{"href":"http:\/\/revistalaneta.com.mx\/index.php?rest_route=%2Fwp%2Fv2%2Fmedia&parent=9284"}],"wp:term":[{"taxonomy":"category","embeddable":true,"href":"http:\/\/revistalaneta.com.mx\/index.php?rest_route=%2Fwp%2Fv2%2Fcategories&post=9284"},{"taxonomy":"post_tag","embeddable":true,"href":"http:\/\/revistalaneta.com.mx\/index.php?rest_route=%2Fwp%2Fv2%2Ftags&post=9284"}],"curies":[{"name":"wp","href":"https:\/\/api.w.org\/{rel}","templated":true}]}}