{"id":9314,"date":"2023-12-15T12:51:52","date_gmt":"2023-12-15T12:51:52","guid":{"rendered":"http:\/\/revistalaneta.com.mx\/?p=9314"},"modified":"2023-12-15T12:52:06","modified_gmt":"2023-12-15T12:52:06","slug":"acreditan-a-productores-de-mezcal-en-inocuidad","status":"publish","type":"post","link":"http:\/\/revistalaneta.com.mx\/?p=9314","title":{"rendered":"Acreditan a productores de mezcal en inocuidad"},"content":{"rendered":"\n<p><\/p>\n\n\n\n<p><\/p>\n\n\n\n<p>San Carlos, Tamaulipas.- La Secretar\u00eda de Desarrollo Rural, Pesca y Acuacultura, encabezada por Antonio Varela Flores, a trav\u00e9s de la Direcci\u00f3n de Fomento Forestal llev\u00f3 a cabo la entrega de acreditaciones en capacitaci\u00f3n &#8220;Inocuidad y Buenas Pr\u00e1cticas de Manufactura en la Elaboraci\u00f3n de Mezcal en Tamaulipas&#8221;, a un grupo de productores de mezcal del municipio de San Carlos.<\/p>\n\n\n\n<p>La directora de Fomento Forestal, Celene Ram\u00edrez Garc\u00eda, se\u00f1al\u00f3 que durante el evento se entreg\u00f3 la acreditaci\u00f3n otorgada por el ITACE con validez oficial de la SEP a los maestros y productores de mezcal en el protocolo de inocuidad y buenas pr\u00e1cticas de manufactura.<\/p>\n\n\n\n<p>Detall\u00f3 que la finalidad es que se produzca un mezcal de mejor calidad, con resultados que favorezcan la cadena de valor agregado y que permita tener un buen precio del mezcal tamaulipeco.<\/p>\n\n\n\n<p>\u201cDurante el desarrollo del evento se dio seguimiento a los cursos en los d\u00edas 08 y 09 de agosto que se realiz\u00f3 en estas mismas instalaciones en donde se tuvo una activa participaci\u00f3n de maestros y productores mezcaleros de los municipios de San Carlos y San Nicol\u00e1s, adem\u00e1s de realizar la entrega de acreditaciones a 30 participantes que cumplieron con las horas de capacitaci\u00f3n, misma que tienen validez oficial de la Secretar\u00eda de Educaci\u00f3n P\u00fablica (SEP)\u201d, coment\u00f3 Celene Ram\u00edrez.<\/p>\n\n\n\n<p>Por su parte la directora general del Instituto Tamaulipeco de Capacitaci\u00f3n para el Empleo (ITACE), Claudia Anaya Alvarado, invit\u00f3 a seguir fortaleciendo las capacidades t\u00e9cnicas de productores a fin de lograr darle valor agregado que represente un mayor precio en el mercado del mezcal tamaulipeco.<\/p>\n\n\n\n<p>En este evento tambi\u00e9n estuvieron presentes Francisco Antonio Noriega Orozco, subsecretario para la Peque\u00f1a y Mediana Empresa de la Secretar\u00eda de Econom\u00eda de Tamaulipas; Teresa L\u00f3pez Heredia, presidenta municipal San Carlos; Carlos Argueta Sp\u00ednola, titular de la Promotor\u00eda de Desarrollo Forestal de CONAFOR en Tamaulipas y Leonardo Mart\u00edn Padilla R\u00edos, coordinador estatal del Programa Sembrando Vida.<code> * * *<\/code><\/p>\n","protected":false},"excerpt":{"rendered":"<p>San Carlos, Tamaulipas.- La Secretar\u00eda de Desarrollo Rural, Pesca y Acuacultura, encabezada por Antonio Varela Flores, a trav\u00e9s de la Direcci\u00f3n de Fomento Forestal llev\u00f3 a cabo la entrega de &hellip; <a href=\"http:\/\/revistalaneta.com.mx\/?p=9314\" class=\"more-link\">Leer m\u00e1s<\/a><\/p>\n","protected":false},"author":1,"featured_media":9313,"comment_status":"open","ping_status":"open","sticky":false,"template":"","format":"standard","meta":{"footnotes":""},"categories":[7,8],"tags":[],"class_list":["post-9314","post","type-post","status-publish","format-standard","has-post-thumbnail","hentry","category-ciudad-victoria","category-tamaulipas-sur","entry"],"_links":{"self":[{"href":"http:\/\/revistalaneta.com.mx\/index.php?rest_route=\/wp\/v2\/posts\/9314","targetHints":{"allow":["GET"]}}],"collection":[{"href":"http:\/\/revistalaneta.com.mx\/index.php?rest_route=\/wp\/v2\/posts"}],"about":[{"href":"http:\/\/revistalaneta.com.mx\/index.php?rest_route=\/wp\/v2\/types\/post"}],"author":[{"embeddable":true,"href":"http:\/\/revistalaneta.com.mx\/index.php?rest_route=\/wp\/v2\/users\/1"}],"replies":[{"embeddable":true,"href":"http:\/\/revistalaneta.com.mx\/index.php?rest_route=%2Fwp%2Fv2%2Fcomments&post=9314"}],"version-history":[{"count":1,"href":"http:\/\/revistalaneta.com.mx\/index.php?rest_route=\/wp\/v2\/posts\/9314\/revisions"}],"predecessor-version":[{"id":9315,"href":"http:\/\/revistalaneta.com.mx\/index.php?rest_route=\/wp\/v2\/posts\/9314\/revisions\/9315"}],"wp:featuredmedia":[{"embeddable":true,"href":"http:\/\/revistalaneta.com.mx\/index.php?rest_route=\/wp\/v2\/media\/9313"}],"wp:attachment":[{"href":"http:\/\/revistalaneta.com.mx\/index.php?rest_route=%2Fwp%2Fv2%2Fmedia&parent=9314"}],"wp:term":[{"taxonomy":"category","embeddable":true,"href":"http:\/\/revistalaneta.com.mx\/index.php?rest_route=%2Fwp%2Fv2%2Fcategories&post=9314"},{"taxonomy":"post_tag","embeddable":true,"href":"http:\/\/revistalaneta.com.mx\/index.php?rest_route=%2Fwp%2Fv2%2Ftags&post=9314"}],"curies":[{"name":"wp","href":"https:\/\/api.w.org\/{rel}","templated":true}]}}