{"id":939,"date":"2022-09-27T03:50:35","date_gmt":"2022-09-27T03:50:35","guid":{"rendered":"http:\/\/revistalaneta.com.mx\/?p=939"},"modified":"2022-09-27T03:51:18","modified_gmt":"2022-09-27T03:51:18","slug":"anuncia-americo-a-su-gabinete","status":"publish","type":"post","link":"http:\/\/revistalaneta.com.mx\/?p=939","title":{"rendered":"ANUNCIA AM\u00c9RICO A SU GABINETE"},"content":{"rendered":"\n<p>El gobernador electo, Am\u00e9rico Villarreal Anaya, dio a conocer este lunes en Ciudad Victoria, los nombres de los integrantes de su gabinete. En conferencia de prensa el pr\u00f3ximo mandatario estatal inform\u00f3 que el riobravense, H\u00e9ctor Villegas Gonz\u00e1lez, va como Secretario General de Gobierno, en tanto que Oscar Alberto Aparicio Avenda\u00f1o, ser\u00e1 designado Secretario de Seguridad P\u00fablica. \u00c9l citado es originario de Tuxtla Guti\u00e9rrez, Chiapas, y es el \u00fanico for\u00e1neo de todo el equipo. A su vez la abogada victorense Tania Gisela Contreras L\u00f3pez, ser\u00e1 nombrada Directora Jur\u00eddica, en tanto que Jes\u00fas Lav\u00edn Ver\u00e1stegui, quien ha fungido como coordinador de la Comisi\u00f3n de Transici\u00f3n, ser\u00e1 nombrado Secretario de Administraci\u00f3n. \u00c9l es de Xicot\u00e9ncatl<\/p>\n\n\n\n<p>M\u00c1S NOMBRES, M\u00c1S CARGOS<br \/>La actual diputada federal por Matamoros, Adriana Lozano Rodr\u00edguez, ir\u00e1 a la Secretar\u00eda de Finanzas, mientras que Pedro Cepeda Anaya, de Victoria, estar\u00e1 en la Secretar\u00eda de Obras P\u00fablicas. La tambi\u00e9n victorense Luc\u00eda Aim\u00e9 Castillo Pastor, ser\u00e1 la Secretar\u00eda de Educaci\u00f3n, a la vez que Ver\u00f3nica Aguirre de los Santos, de San Fernando, estar\u00e1 en la Secretar\u00eda de Bienestar.&nbsp; A su vez D\u00e1maso Anaya Alvarado, de Victoria, asumir\u00e1 la Secretar\u00eda de Desarrollo Rural y la tampique\u00f1a Olga Sosa Ruiz, estar\u00e1 en la Secretar\u00eda del Trabajo.<\/p>\n\n\n\n<p>A\u00daN HAY M\u00c1S<br \/>Asimismo el victorense Vicente Joel Hern\u00e1ndez Navarro, atender\u00e1 la Secretar\u00eda de Salud; la tambi\u00e9n victorense Karina Sald\u00edvar Lartigue, estar\u00e1 en la Secretaria de Desarrollo Urbano y Medio Ambiente, mientras que la neolaredense Ninfa Cant\u00fa de Andar, asumir\u00e1 la Secretar\u00eda de Desarrollo Econ\u00f3mico. Norma Pedraza Melo, de Victoria, ser\u00e1 la Secretaria de la Contralor\u00eda, y Jean Carlo Boneta Cavazos, DIF Tamaulipas; \u00e9l tambi\u00e9n es originario de Ciudad Victoria. Cabe se\u00f1alar que Am\u00e9rico no dio a conocer el gabinete completo, pero m\u00e1s tarde se oficializ\u00f3 que tambi\u00e9n va Francisco Cu\u00e9llar Cardona, como Director de Comunicaci\u00f3n Social, as\u00ed como Alejandro R\u00e1bago, Coordinador de Asesores; Norberto Barr\u00f3n Barrag\u00e1n, como Titular de la Oficina del Gobernador; Alberto Enr\u00edquez, de Giras del Gobernador; Benjam\u00edn Jim\u00e9nez, Subsecretario de Turismo y Katalina M\u00e9ndez, en el ITJUVE.<\/p>\n\n\n\n<p>EL TEMA DE LA IMPUGNACI\u00d3N<br \/>En dicha conferencia Am\u00e9rico Villarreal Anaya estuvo acompa\u00f1ado de su asesora jur\u00eddica, Tania Contreras L\u00f3pez, y de la misma forma se abord\u00f3 el tema de la propuesta de resolutivo a la impugnaci\u00f3n presentada por el Partido Acci\u00f3n Nacional (PAN) con relaci\u00f3n a la elecci\u00f3n por la gubernatura del estado, del Magistrado Jos\u00e9 Luis Vargas Valdez, de la sala superior del Tribunal Electoral del Poder Judicial de la Federaci\u00f3n, quien como ponente de dicho proyecto, marcado con el registro SUP-JRC-101-2022, ha hecho saber que se confirma el c\u00f3mputo estatal, la validez de la elecci\u00f3n y la entrega de la constancia al doctor Am\u00e9rico Villarreal Anaya, a lo que la abogada Tania L\u00f3pez dijo que era de esperarse dicho resolutivo,&nbsp; pues no hay nada que alegar al respecto.<\/p>\n\n\n\n<p>FALTA LA APROBACI\u00d3N<br \/>No obstante cabe apuntar que ese es el resolutivo del magistrado ponente, pero todav\u00eda falta que sea votado a favor por el pleno del Tribunal Electoral del Poder Judicial de la Federaci\u00f3n integrado por un total de siete magistrados. Aunque regularmente las resoluciones presentadas son aprobadas en su mayor\u00eda, pero pues habr\u00e1 que esperar a que se presente en el pleno. Ahora bien, tambi\u00e9n habr\u00e1 que ver cuando se presenta, porque el tema de la elecci\u00f3n de Tamaulipas no se agend\u00f3 para la sesi\u00f3n que se va a tener este mi\u00e9rcoles 28 de septiembre, por lo que lo m\u00e1s probable es que se defina en la sesi\u00f3n del 30 de septiembre, que es la fecha l\u00edmite que se tiene para ello. Ahora bien, hay duda si se presentar\u00e1 este mi\u00e9rcoles 28, porque recordemos que no fue agendado, pero en todo caso se presentar\u00eda el viernes, que es la fecha l\u00edmite para ello, pues ya el s\u00e1bado 1 de octubre se debe estar dando protesta al gobernador electo.<\/p>\n\n\n\n<p>REQUISITOS PARA LAS BECAS MUNICIPALES<br \/>El Gobierno Municipal de Nuevo Laredo, que preside Carmen Lilia Canturosas Villarreal, dio a conocer oficialmente la convocatoria para las becas \u201cNueva Era\u201d para alumnos de educaci\u00f3n b\u00e1sica, correspondiente al ciclo escolar 2022-2023. Entre los requisitos est\u00e1n: Acta de nacimiento del alumno (a) (copia simple); CURP del alumno (a) (copia simple); promedio de 7.5 a 10; boleta de calificaciones del ciclo escolar 2021-2022 y deber\u00e1 contar con firma y sello de la instituci\u00f3n educativa (copia); constancia de estudios del ciclo escolar 2022-2023 (original), comprobante de domicilio con una antig\u00fcedad no mayor a tres meses (copia); credencial de elector vigente del padre, madre o tutor. Otros documentos oficiales vigentes: pasaporte, licencia de conducir o cartilla militar (copia). Para quien funja como tutor deber\u00e1 anexar el documento probatorio, adem\u00e1s de comprobante de ingresos de padre, madre o tutor (copia); CURP y RFC del padre, madre o tutor para generar la cuenta bancaria (copia).<\/p>\n\n\n\n<p>M\u00c1S DATOS DE LAS BECAS<br \/>En el caso de las personas que ya fueron beneficiadas con la Beca UNE, anexar contrato o estado de cuenta que acredite el n\u00famero de cuenta. Las solicitudes se entregar\u00e1n del 3 al 12 de octubre en 14 sedes y tambi\u00e9n estar\u00e1n disponibles de manera digital en la p\u00e1gina web del Gobierno Municipal. Las solicitudes se obtendr\u00e1n de lunes a viernes de ocho de la ma\u00f1ana a cuatro de la tarde, en las seis bibliotecas municipales: \u201cRub\u00e9n Miranda\u201d, \u201cEmiliano Zapata\u201d, \u201cJos\u00e9 Vasconcelos\u201d, \u201cJos\u00e9 Mar\u00eda Mart\u00ednez\u201d, \u201cFidel Cu\u00e9llar\u201d y \u201cOctavio Paz\u201d. Tambi\u00e9n en las Preparatorias Municipales \u201cJos\u00e9 Vasconcelos\u201d, \u201cElena Poniatowska\u201d y\u201d Manuel G\u00f3mez Mor\u00edn\u201d, as\u00ed como en el Centro Cultural Comunitario Palmares; m\u00f3dulos deportivos ubicado en la Colonia Institucional y en la Colonia El Progreso; Espacio de Artes y Oficios Maquila Creativa y el Instituto Municipal para el Desarrollo de la Juventud (IMJUVE). A la vez se hace saber que la recepci\u00f3n de solicitudes con la documentaci\u00f3n est\u00e1 programada para los d\u00edas del 10 al 21 de octubre de ocho de la ma\u00f1ana a cuatro de la tarde, en las mismas sedes citadas.<\/p>\n\n\n\n<p>LO \u00daLTIMO<br \/>Muchas felicidades al compa\u00f1ero comunicador Ca\u00edn Sol\u00eds, quien este martes est\u00e1 cumpliendo llegando justo al sexto piso de su vida. \u00a1Enhorabuena!\u2026 Y de una vez felicitaciones anticipadas para Miguel Montenegro, editor de Forte Noticias, que tambi\u00e9n celebrar\u00e1 su onom\u00e1stico, pero el mi\u00e9rcoles\u2026 De manera un tanto sorpresiva, pero que los conocedores de la pol\u00edtica lo consideran una jugada maestra, el gobernador electo, Am\u00e9rico Villarreal Anaya, solicit\u00f3 reincorporarse a su cargo como Senador de la Rep\u00fablica, el cual ostentar\u00e1 hasta el pr\u00f3ximo s\u00e1bado, en tanto toma protesta como gobernador electo\u2026 Obviamente una vez que Adriana Lozano asuma su cargo como tesorera estatal, deber\u00e1 entrar su suplente a ocupar su esca\u00f1o en la C\u00e1mara de Diputados. La suplente es Elva Agustina Vigil Hern\u00e1ndez, quien fuera regidora de Cabildo de Matamoros en la pasada administraci\u00f3n municipal\u2026 Urge ampliar vialidades de la periferia como el Bulevar Universidad, el Segundo Anillo Perif\u00e9rico y el Libramiento Mex-Dos, pues el transitar de tanto tr\u00e1iler ya lo hace indispensable\u2026 Es por dem\u00e1s, siguen los congestionamientos en la caseta de cobro de la autopista del tramo que va del Kil\u00f3metro 26 a La Gloria. Y es en ambos lados. Y todo porque no quieren contratar m\u00e1s personal para las casetas\u2026 Siguen las lluvias en Nuevo Le\u00f3n, y la verdad que bueno para que se sigan abasteciendo de agua.<\/p>\n","protected":false},"excerpt":{"rendered":"<p>El gobernador electo, Am\u00e9rico Villarreal Anaya, dio a conocer este lunes en Ciudad Victoria, los nombres de los integrantes de su gabinete. En conferencia de prensa el pr\u00f3ximo mandatario estatal &hellip; <a href=\"http:\/\/revistalaneta.com.mx\/?p=939\" class=\"more-link\">Leer m\u00e1s<\/a><\/p>\n","protected":false},"author":1,"featured_media":938,"comment_status":"open","ping_status":"open","sticky":false,"template":"","format":"standard","meta":{"footnotes":""},"categories":[2,3],"tags":[],"class_list":["post-939","post","type-post","status-publish","format-standard","has-post-thumbnail","hentry","category-chismorreo","category-opinion","entry"],"_links":{"self":[{"href":"http:\/\/revistalaneta.com.mx\/index.php?rest_route=\/wp\/v2\/posts\/939","targetHints":{"allow":["GET"]}}],"collection":[{"href":"http:\/\/revistalaneta.com.mx\/index.php?rest_route=\/wp\/v2\/posts"}],"about":[{"href":"http:\/\/revistalaneta.com.mx\/index.php?rest_route=\/wp\/v2\/types\/post"}],"author":[{"embeddable":true,"href":"http:\/\/revistalaneta.com.mx\/index.php?rest_route=\/wp\/v2\/users\/1"}],"replies":[{"embeddable":true,"href":"http:\/\/revistalaneta.com.mx\/index.php?rest_route=%2Fwp%2Fv2%2Fcomments&post=939"}],"version-history":[{"count":1,"href":"http:\/\/revistalaneta.com.mx\/index.php?rest_route=\/wp\/v2\/posts\/939\/revisions"}],"predecessor-version":[{"id":940,"href":"http:\/\/revistalaneta.com.mx\/index.php?rest_route=\/wp\/v2\/posts\/939\/revisions\/940"}],"wp:featuredmedia":[{"embeddable":true,"href":"http:\/\/revistalaneta.com.mx\/index.php?rest_route=\/wp\/v2\/media\/938"}],"wp:attachment":[{"href":"http:\/\/revistalaneta.com.mx\/index.php?rest_route=%2Fwp%2Fv2%2Fmedia&parent=939"}],"wp:term":[{"taxonomy":"category","embeddable":true,"href":"http:\/\/revistalaneta.com.mx\/index.php?rest_route=%2Fwp%2Fv2%2Fcategories&post=939"},{"taxonomy":"post_tag","embeddable":true,"href":"http:\/\/revistalaneta.com.mx\/index.php?rest_route=%2Fwp%2Fv2%2Ftags&post=939"}],"curies":[{"name":"wp","href":"https:\/\/api.w.org\/{rel}","templated":true}]}}