{"id":9442,"date":"2023-12-21T13:49:44","date_gmt":"2023-12-21T13:49:44","guid":{"rendered":"http:\/\/revistalaneta.com.mx\/?p=9442"},"modified":"2023-12-21T13:50:15","modified_gmt":"2023-12-21T13:50:15","slug":"gran-apoyo-de-tamaulipecos-a-claudia-sheinbaum","status":"publish","type":"post","link":"http:\/\/revistalaneta.com.mx\/?p=9442","title":{"rendered":"GRAN APOYO DE TAMAULIPECOS A CLAUDIA SHEINBAUM"},"content":{"rendered":"\n<p><br>Bien, muy bien le fue a Claudia Sheinbaum Pardo en su visita a Tamaulipas, dentro de su precampa\u00f1a en pos de la Presidencia de la Rep\u00fablica como aspirante \u00fanica de la denominada Cuarta Transformaci\u00f3n. Miles de militantes y simpatizantes de MORENA, el PT y el PVEM se reunieron tanto en Ciudad Victoria como en Ciudad Madero, para apoyar a Claudia, quien por su parte pidi\u00f3 a la gente consolidar el proyecto de la 4T en el pa\u00eds, d\u00e1ndole continuidad al mismo. Entre las cosas importantes que dijo la precandidata fue que habr\u00e1 de continuar con los proyectos de los trenes de pasajeros, y en este sentido se hizo notar que se tiene contemplada una ruta ferroviaria que conectar\u00e1 a Nuevo Laredo con San Luis Potos\u00ed, pasando por Monterrey. Pues que bien, porque eso es algo muy anhelado por los neolaredenses.<\/p>\n\n\n\n<p>EN ENERO Y FEBRERO, RESULTADOS DE LAS ENCUESTAS<br \/>Para el 4 de enero se van a dar a conocer los resultados de las encuestas de las ocho diputaciones federales que corresponden a Tamaulipas, por el Movimiento de Regeneraci\u00f3n Nacional (MORENA). Esto fue anunciado por el propio dirigente nacional de dicho partido, Mario Delgado Carrillo, quien de la misma forma inform\u00f3 que para el 5 de febrero se informar\u00e1n a su vez los resultados de las encuestas por las 43 alcald\u00edas de Tamaulipas, y el 12 de febrero por su parte ser\u00e1 lo correspondiente a las 22 diputaciones locales. Esas son las fechas establecidas que competen a nuestra entidad.<\/p>\n\n\n\n<p>ASEGURA VOCERO ESTATAL QUE DISMINUYE EL \u00cdNDICE DE INSEGURIDAD<br \/>En conferencia de prensa el vocero de seguridad de Tamaulipas,&nbsp;Jorge Cu\u00e9llar Montoya, asegur\u00f3 que por&nbsp;primera vez Tamaulipas se encuentra debajo de la media nacional entre las entidades con menor incidencia delictiva, en los ocho delitos de alto impacto que mide el Secretariado Ejecutivo del Sistema Nacional de Seguridad P\u00fablica. El funcionario estatal refiri\u00f3 que esto viene a demostrar que la estrategia implementada por el gobernador Am\u00e9rico Villarreal Anaya ha dado buenos resultados. Agreg\u00f3 que con base a las estad\u00edsticas correspondientes al mes de noviembre, Tamaulipas se ubic\u00f3 en noveno lugar entre los estados m\u00e1s seguros del pa\u00eds y destac\u00f3 que en cuanto al delito de homicidio doloso se registr\u00f3 el segundo mejor mes de noviembre en los \u00faltimos siete a\u00f1os, adem\u00e1s de que por cuarto mes consecutivo no se present\u00f3 ning\u00fan secuestro en territorio tamaulipeco. Cu\u00e9llar Montoya agreg\u00f3 que otro de los logros alcanzados antes de finalizar el presente a\u00f1o, es haber registrado una disminuci\u00f3n en el tema de la violencia familiar, ya que por primera vez en esta administraci\u00f3n se logr\u00f3 el mes m\u00e1s bajo en los \u00faltimos tres a\u00f1os.<\/p>\n\n\n\n<p>TAMBI\u00c9N SE REGISTRA EX REGIDORA PARA ALCALD\u00cdA POR EL MC<br \/>La ex regidora Adriana Contreras Vriagas se registr\u00f3 como precandidata a la Presidencia Municipal de Nuevo Laredo por el partido Movimiento Ciudadano (MC), por lo que ya suman tres las f\u00e9minas inscritas por el tambi\u00e9n denominado Movimiento Naranja para la referida posici\u00f3n. Y es que previamente lo hicieron la joven Macaria Lizeth Gonz\u00e1lez P\u00e9rez, as\u00ed como la regidora Ariana Garza L\u00f3pez, la primera representando al grupo del dirigente local del MC, Oscar Trevi\u00f1o Carmona, y la segunda representando a su propio grupo. Y en el caso de Adriana ella tambi\u00e9n va representando a su propio grupo, por lo que ya solo restar\u00eda ver si por parte del grupo del doctor Jorge Ram\u00edrez Rubio tambi\u00e9n hubo alg\u00fan registro.<\/p>\n\n\n\n<p>SIGUEN LAS ENFERMEDADES RESPIRATORIAS<br \/>A todo lo que da siguen las enfermedades respiratorias en Nuevo Laredo, ante la llegada del tiempo de fr\u00edo. Nada vale que justamente este jueves inicia el invierno, y con ello se vendr\u00e1n m\u00e1s d\u00edas fr\u00edos y por ende mayor cantidad de personas enfermas. De acuerdo con las autoridades m\u00e9dicas prevalecen contagios de Covid 19 e influenza, lo que tiene en jaque a gran parte de la ciudadan\u00eda, pues ahora los males respiratorios son m\u00e1s intensos justamente ante la presencia de dichos virus. Por lo tanto se recomienda a la ciudadan\u00eda protegerse, abrigarse bien, no exponerse a las bajas temperaturas, y sobre todo volver a utilizar los cubre-bocas, ya que los contagios est\u00e1n por doquier. Ojo con eso.<\/p>\n\n\n\n<p>AUMENTOS EN LOS PRODUCTOS<br \/>Tal y como se esperaba en esta \u00e9poca decembrina, los costos de la carne y otros comestibles se han incrementado notoriamente, lo cual es consecuencia del buen circulante que hay en la ciudad, ante el pago de aguinaldos y otras prestaciones a los trabajadores. Y es que como que ya se hizo costumbre que en el \u00faltimo mes del a\u00f1o se eleven los precios de los productos, principalmente la carne, toda vez que aumenta la demanda de los mismos, y los comerciantes aprovechan para hacer su agosto en pleno diciembre. Y es que por citar un ejemplo el kilo de carne de brisket andaba en un promedio de 120 pesos el kilo en noviembre, y en este mes se anda ofreciendo hasta en 140 pesos. Nada vale que en enero se viene la cuesta, lo que tambi\u00e9n genera m\u00e1s aumentos en los precios, sobre todo ante el alza en el precio del salario m\u00ednimo, lo que genera a su vez que los productores eleven los costos de los variados art\u00edculos. Y total que es el cuento de nunca acabar.<\/p>\n","protected":false},"excerpt":{"rendered":"<p>Bien, muy bien le fue a Claudia Sheinbaum Pardo en su visita a Tamaulipas, dentro de su precampa\u00f1a en pos de la Presidencia de la Rep\u00fablica como aspirante \u00fanica de &hellip; <a href=\"http:\/\/revistalaneta.com.mx\/?p=9442\" class=\"more-link\">Leer m\u00e1s<\/a><\/p>\n","protected":false},"author":1,"featured_media":9441,"comment_status":"open","ping_status":"open","sticky":false,"template":"","format":"standard","meta":{"footnotes":""},"categories":[2,3],"tags":[],"class_list":["post-9442","post","type-post","status-publish","format-standard","has-post-thumbnail","hentry","category-chismorreo","category-opinion","entry"],"_links":{"self":[{"href":"http:\/\/revistalaneta.com.mx\/index.php?rest_route=\/wp\/v2\/posts\/9442","targetHints":{"allow":["GET"]}}],"collection":[{"href":"http:\/\/revistalaneta.com.mx\/index.php?rest_route=\/wp\/v2\/posts"}],"about":[{"href":"http:\/\/revistalaneta.com.mx\/index.php?rest_route=\/wp\/v2\/types\/post"}],"author":[{"embeddable":true,"href":"http:\/\/revistalaneta.com.mx\/index.php?rest_route=\/wp\/v2\/users\/1"}],"replies":[{"embeddable":true,"href":"http:\/\/revistalaneta.com.mx\/index.php?rest_route=%2Fwp%2Fv2%2Fcomments&post=9442"}],"version-history":[{"count":1,"href":"http:\/\/revistalaneta.com.mx\/index.php?rest_route=\/wp\/v2\/posts\/9442\/revisions"}],"predecessor-version":[{"id":9443,"href":"http:\/\/revistalaneta.com.mx\/index.php?rest_route=\/wp\/v2\/posts\/9442\/revisions\/9443"}],"wp:featuredmedia":[{"embeddable":true,"href":"http:\/\/revistalaneta.com.mx\/index.php?rest_route=\/wp\/v2\/media\/9441"}],"wp:attachment":[{"href":"http:\/\/revistalaneta.com.mx\/index.php?rest_route=%2Fwp%2Fv2%2Fmedia&parent=9442"}],"wp:term":[{"taxonomy":"category","embeddable":true,"href":"http:\/\/revistalaneta.com.mx\/index.php?rest_route=%2Fwp%2Fv2%2Fcategories&post=9442"},{"taxonomy":"post_tag","embeddable":true,"href":"http:\/\/revistalaneta.com.mx\/index.php?rest_route=%2Fwp%2Fv2%2Ftags&post=9442"}],"curies":[{"name":"wp","href":"https:\/\/api.w.org\/{rel}","templated":true}]}}