{"id":9449,"date":"2023-12-28T02:26:44","date_gmt":"2023-12-28T02:26:44","guid":{"rendered":"http:\/\/revistalaneta.com.mx\/?p=9449"},"modified":"2023-12-28T02:27:15","modified_gmt":"2023-12-28T02:27:15","slug":"realiza-la-secretaria-de-administracion-segunda-sesion-de-cocodi","status":"publish","type":"post","link":"http:\/\/revistalaneta.com.mx\/?p=9449","title":{"rendered":"Realiza la Secretar\u00eda de Administraci\u00f3n segunda sesi\u00f3n de COCODI"},"content":{"rendered":"\n<p><\/p>\n\n\n\n<p><\/p>\n\n\n\n<p><\/p>\n\n\n\n<p>Ciudad Victoria, Tamaulipas.- El Comit\u00e9 de Control Interno y Desempe\u00f1o Institucional (COCODI) de la Secretar\u00eda de Administraci\u00f3n llev\u00f3 a cabo la segunda sesi\u00f3n ordinaria, en donde se analizaron los avances del Programa de Trabajo de Control Interno y Programa de Trabajo de Administraci\u00f3n de Riesgos del ejercicio de 2023. Entre otros acuerdos se estableci\u00f3 el formar grupos de trabajo con el objetivo de mejorar el desempe\u00f1o de todas las \u00e1reas en temas relacionados con el control interno.<\/p>\n\n\n\n<p>Se cont\u00f3 con la presencia de la subsecretaria de Administraci\u00f3n, Mara Elizabeth Mu\u00f1iz Lerma como suplente del secretario de Administraci\u00f3n y presidente del Comit\u00e9, Jes\u00fas Lav\u00edn Ver\u00e1stegui y del vocal ejecutivo, Jos\u00e9 Luis Pedraza Ortiz. Asistieron tambi\u00e9n Oscar Lara Sosa, titular del \u00e1rea Jur\u00eddica; Daniel Alejandro Gonz\u00e1lez Bandala, representante del \u00e1rea de Tecnolog\u00edas de la Informaci\u00f3n; Karina Gonz\u00e1lez Galindo, como suplente del enlace del Coordinador de Control Interno y Juan Antonio Ram\u00edrez Torres, director de Control Interno y Evaluaci\u00f3n Gubernamental de la Contralor\u00eda Gubernamental.<\/p>\n\n\n\n<p>Como lo mencion\u00f3 el secretario de Administraci\u00f3n Jes\u00fas Lav\u00edn Ver\u00e1stegui, se ha hecho hincapi\u00e9 en la continuidad de estas acciones orientadas a mejorar el desempe\u00f1o gubernamental en beneficio de la ciudadan\u00eda tamaulipeca, ya que es este el principal objetivo del gobierno colaborativo de Am\u00e9rico Villarreal Anaya.<\/p>\n\n\n\n<p>La reuni\u00f3n se llev\u00f3 a cabo el mi\u00e9rcoles 20 de diciembre del a\u00f1o en curso, en las oficinas de la Secretar\u00eda de Administraci\u00f3n ubicadas en la Torre Bicentenario.<code> * * *<\/code><\/p>\n","protected":false},"excerpt":{"rendered":"<p>Ciudad Victoria, Tamaulipas.- El Comit\u00e9 de Control Interno y Desempe\u00f1o Institucional (COCODI) de la Secretar\u00eda de Administraci\u00f3n llev\u00f3 a cabo la segunda sesi\u00f3n ordinaria, en donde se analizaron los avances &hellip; <a href=\"http:\/\/revistalaneta.com.mx\/?p=9449\" class=\"more-link\">Leer m\u00e1s<\/a><\/p>\n","protected":false},"author":1,"featured_media":9448,"comment_status":"open","ping_status":"open","sticky":false,"template":"","format":"standard","meta":{"footnotes":""},"categories":[7],"tags":[],"class_list":["post-9449","post","type-post","status-publish","format-standard","has-post-thumbnail","hentry","category-ciudad-victoria","entry"],"_links":{"self":[{"href":"http:\/\/revistalaneta.com.mx\/index.php?rest_route=\/wp\/v2\/posts\/9449","targetHints":{"allow":["GET"]}}],"collection":[{"href":"http:\/\/revistalaneta.com.mx\/index.php?rest_route=\/wp\/v2\/posts"}],"about":[{"href":"http:\/\/revistalaneta.com.mx\/index.php?rest_route=\/wp\/v2\/types\/post"}],"author":[{"embeddable":true,"href":"http:\/\/revistalaneta.com.mx\/index.php?rest_route=\/wp\/v2\/users\/1"}],"replies":[{"embeddable":true,"href":"http:\/\/revistalaneta.com.mx\/index.php?rest_route=%2Fwp%2Fv2%2Fcomments&post=9449"}],"version-history":[{"count":1,"href":"http:\/\/revistalaneta.com.mx\/index.php?rest_route=\/wp\/v2\/posts\/9449\/revisions"}],"predecessor-version":[{"id":9450,"href":"http:\/\/revistalaneta.com.mx\/index.php?rest_route=\/wp\/v2\/posts\/9449\/revisions\/9450"}],"wp:featuredmedia":[{"embeddable":true,"href":"http:\/\/revistalaneta.com.mx\/index.php?rest_route=\/wp\/v2\/media\/9448"}],"wp:attachment":[{"href":"http:\/\/revistalaneta.com.mx\/index.php?rest_route=%2Fwp%2Fv2%2Fmedia&parent=9449"}],"wp:term":[{"taxonomy":"category","embeddable":true,"href":"http:\/\/revistalaneta.com.mx\/index.php?rest_route=%2Fwp%2Fv2%2Fcategories&post=9449"},{"taxonomy":"post_tag","embeddable":true,"href":"http:\/\/revistalaneta.com.mx\/index.php?rest_route=%2Fwp%2Fv2%2Ftags&post=9449"}],"curies":[{"name":"wp","href":"https:\/\/api.w.org\/{rel}","templated":true}]}}