{"id":964,"date":"2022-09-28T03:27:19","date_gmt":"2022-09-28T03:27:19","guid":{"rendered":"http:\/\/revistalaneta.com.mx\/?p=964"},"modified":"2022-09-28T03:27:34","modified_gmt":"2022-09-28T03:27:34","slug":"amlo-y-21-gobernadores-con-americo","status":"publish","type":"post","link":"http:\/\/revistalaneta.com.mx\/?p=964","title":{"rendered":"AMLO Y 21 GOBERNADORES CON AM\u00c9RICO"},"content":{"rendered":"\n<p><\/p>\n\n\n\n<p>-Carmen Lilia anuncia Car Fest<\/p>\n\n\n\n<p>-El 8 de octubre en el Centro Cultural<\/p>\n\n\n\n<p>Tiempo de opinar<\/p>\n\n\n\n<p>Ra\u00fal Hern\u00e1ndez Moreno<\/p>\n\n\n\n<p>El presidente de la rep\u00fablica Andr\u00e9s Manuel L\u00f3pez Obrador refrend\u00f3 su apoyo al gobernador electo Am\u00e9rico Villarreal Anaya en su conferencia ma\u00f1anera de este d\u00eda y lo mismo hicieron 21 gobernadores que, mediante una carta, le exigieron a Francisco Garc\u00eda Cabeza de Vaca cesar de manera inmediata cualquier intento &nbsp;por obstaculizar la toma de protesta del nuevo gobierno.<\/p>\n\n\n\n<p>Estos respaldos se dan luego de que Am\u00e9rico regreso ayer &nbsp;a ocupar su curul al Senado de la Rep\u00fablica, porque con todo y que segu\u00eda conservando su fuero al haber solicitado licencia, eso no descartaba la idea de que la Fiscal\u00eda Estatal lo detuviera, con el pretexto de que consultar\u00eda si era v\u00e1lido o no el fuero, y ya preso, vaya usted a saber su destino.<\/p>\n\n\n\n<p>Y es que estamos siendo testigos de un gobernador que se extralimita en sus funciones y act\u00faa como un tirano m\u00e1s, al que las instituciones le valen un carajo.<\/p>\n\n\n\n<p>Todav\u00eda hoy acaba de hacer dos declaraciones que lo pintan como el tirano que es: dijo que pregunt\u00f3 en la Fiscal\u00eda si hab\u00eda \u00f3rdenes de aprehensi\u00f3n&nbsp; en contra de Am\u00e9rico y le dijeron que no. \u00bfY d\u00f3nde est\u00e1 la autonom\u00eda de la Fiscal\u00eda?, \u00bfD\u00f3nde queda la secrec\u00eda de los expedientes?<\/p>\n\n\n\n<p>Eso por un lado, por el otro, dijo que conf\u00eda que la elecci\u00f3n de Tamaulipas ser\u00e1 anulada por la Sala Superior del Tribunal Electoral del Poder Judicial de la Federaci\u00f3n. Aqu\u00ed la pregunta es \u00bfd\u00f3nde qued\u00f3 su imparcialidad? O sea para que la elecci\u00f3n&nbsp; fuese democr\u00e1tica, era necesario que ganara el P\u00c4N y entonces si hubiese felicitado al candidato de ese partido.<\/p>\n\n\n\n<p>Es una verg\u00fcenza que diga que el crimen organizado intervino en las elecciones. \u00bfPor qu\u00e9 no hizo nada para pararlos y detenerlos? para eso es el gobernador, para eso tiene a los Gopes y la Polic\u00eda estatal. \u00bfQu\u00e9 &nbsp;acaso no presume que Tamaulipas esta pacificado?<\/p>\n\n\n\n<p>Mientras la columna Pedro J. M\u00e9ndez apoy\u00f3 al P\u00c4N en las elecciones de 2016, 2018 y 2019, los integrantes del grupo eran unas blancas palomitas, pero se fueron con &nbsp;Morena y se convirtieron en delincuentes.<\/p>\n\n\n\n<p>Igual paso con Sergio Carmona, mientras financi\u00f3 al PAN el gobierno del estado le concedi\u00f3 de 2016 a 2019 contratos por 376 millones de pesos, pero Carmona dejo de apoyar al PAN y se convirti\u00f3 en criminal.<\/p>\n\n\n\n<p>Los tamaulipecos estamos viviendo una transici\u00f3n enrarecida&nbsp; por Cabeza de Vaca, tan enamorado del poder que se resiste a dejarlo.<\/p>\n\n\n\n<p>En otro tema, la presidenta municipal Carmen Lilia Canturosas anunci\u00f3 que el 8 de octubre se realizar\u00e1 en Nuevo Laredo el \u201cCar Fest NLD 2022\u201d, en el que se exhibir\u00e1n veh\u00edculos de colecci\u00f3n y habr\u00e1 m\u00fasica, comida, bebidas y mucha&nbsp; diversi\u00f3n.<\/p>\n\n\n\n<p>El evento ser\u00e1 en el Centro Cultural, en un&nbsp; horario de 4.00 de la tarde a 11.00 de la noche.<\/p>\n\n\n\n<p>Se contar\u00e1 con 170 espacios para exhibici\u00f3n y concurso de autos antiguos, de colecci\u00f3n, deportivos, bochos, alterados y motocicletas. Habr\u00e1 stands de refaccionarias, tiendas de auto partes, instalaci\u00f3n de sonido, talleres mec\u00e1nicos, agentes de seguro, agencias de autos y auto lavados.<\/p>\n\n\n\n<p>\u201cNuevo Laredo est\u00e1 viviendo una nueva era, cada vez son m\u00e1s los espect\u00e1culos que tenemos en esta frontera y por supuesto que como&nbsp; gobierno municipal, estamos trabajando para generar actividades que puedan disfrutar todos\u201d, apunt\u00f3 la jefa de la comuna.<\/p>\n\n\n\n<p>Durante el Car Fest se tendr\u00e1 la intervenci\u00f3n del reconocido mec\u00e1nico Mart\u00edn Vaca, del programa \u201cMexicanicos\u201d que se transmite en Discovery Chanel, quien ofrecer\u00e1 una pl\u00e1tica en el Teatro Experimental.<\/p>\n\n\n\n<p>Habr\u00e1 la presentaci\u00f3n de un&nbsp; grupo norte\u00f1o, concurso de autos y premiaci\u00f3n de&nbsp; ganadores.<\/p>\n","protected":false},"excerpt":{"rendered":"<p>-Carmen Lilia anuncia Car Fest -El 8 de octubre en el Centro Cultural Tiempo de opinar Ra\u00fal Hern\u00e1ndez Moreno El presidente de la rep\u00fablica Andr\u00e9s Manuel L\u00f3pez Obrador refrend\u00f3 su &hellip; <a href=\"http:\/\/revistalaneta.com.mx\/?p=964\" class=\"more-link\">Leer m\u00e1s<\/a><\/p>\n","protected":false},"author":1,"featured_media":963,"comment_status":"open","ping_status":"open","sticky":false,"template":"","format":"standard","meta":{"footnotes":""},"categories":[2,3],"tags":[],"class_list":["post-964","post","type-post","status-publish","format-standard","has-post-thumbnail","hentry","category-chismorreo","category-opinion","entry"],"_links":{"self":[{"href":"http:\/\/revistalaneta.com.mx\/index.php?rest_route=\/wp\/v2\/posts\/964","targetHints":{"allow":["GET"]}}],"collection":[{"href":"http:\/\/revistalaneta.com.mx\/index.php?rest_route=\/wp\/v2\/posts"}],"about":[{"href":"http:\/\/revistalaneta.com.mx\/index.php?rest_route=\/wp\/v2\/types\/post"}],"author":[{"embeddable":true,"href":"http:\/\/revistalaneta.com.mx\/index.php?rest_route=\/wp\/v2\/users\/1"}],"replies":[{"embeddable":true,"href":"http:\/\/revistalaneta.com.mx\/index.php?rest_route=%2Fwp%2Fv2%2Fcomments&post=964"}],"version-history":[{"count":1,"href":"http:\/\/revistalaneta.com.mx\/index.php?rest_route=\/wp\/v2\/posts\/964\/revisions"}],"predecessor-version":[{"id":965,"href":"http:\/\/revistalaneta.com.mx\/index.php?rest_route=\/wp\/v2\/posts\/964\/revisions\/965"}],"wp:featuredmedia":[{"embeddable":true,"href":"http:\/\/revistalaneta.com.mx\/index.php?rest_route=\/wp\/v2\/media\/963"}],"wp:attachment":[{"href":"http:\/\/revistalaneta.com.mx\/index.php?rest_route=%2Fwp%2Fv2%2Fmedia&parent=964"}],"wp:term":[{"taxonomy":"category","embeddable":true,"href":"http:\/\/revistalaneta.com.mx\/index.php?rest_route=%2Fwp%2Fv2%2Fcategories&post=964"},{"taxonomy":"post_tag","embeddable":true,"href":"http:\/\/revistalaneta.com.mx\/index.php?rest_route=%2Fwp%2Fv2%2Ftags&post=964"}],"curies":[{"name":"wp","href":"https:\/\/api.w.org\/{rel}","templated":true}]}}