{"id":9664,"date":"2024-01-16T13:40:45","date_gmt":"2024-01-16T13:40:45","guid":{"rendered":"http:\/\/revistalaneta.com.mx\/?p=9664"},"modified":"2024-01-16T13:41:01","modified_gmt":"2024-01-16T13:41:01","slug":"promueve-secretaria-de-educacion-la-cultura-de-la-paz-en-tamaulipas","status":"publish","type":"post","link":"http:\/\/revistalaneta.com.mx\/?p=9664","title":{"rendered":"Promueve Secretar\u00eda de Educaci\u00f3n la cultura de la paz en Tamaulipas"},"content":{"rendered":"\n<p><\/p>\n\n\n\n<ul class=\"wp-block-list\">\n<li>Con el T\u00fanel de la Paz se busca promover entre las y los tamaulipecos la sensibilidad, conciencia y ense\u00f1anza de que los conflictos se resuelven a partir del di\u00e1logo, la tolerancia y los acuerdos<\/li>\n<\/ul>\n\n\n\n<p><\/p>\n\n\n\n<p>Tula, Tamaulipas.- Con la finalidad de continuar la promoci\u00f3n de actividades que sensibilicen, concienticen y ense\u00f1en la cultura de la paz entre las familias tamaulipecas, la Secretar\u00eda de Educaci\u00f3n de Tamaulipas (SET) prosigue haciendo realidad proyectos que impulsan tanto el gobierno de Am\u00e9rico Villarreal Anaya como el Sistema DIF Tamaulipas, que preside la Dra. Mar\u00eda de Villarreal, como es la instalaci\u00f3n del T\u00fanel de la Paz, en el municipio de Tula.<\/p>\n\n\n\n<p>Con la representaci\u00f3n del gobernador de Tamaulipas, la titular de la SET, Luc\u00eda Aim\u00e9 Castillo Pastor, inici\u00f3 las actividades del T\u00fanel de la Paz, en Tula, destacando que esta exposici\u00f3n itinerante gratuita estar\u00e1 durante dos meses mostrando a las y los tultecos y la poblaci\u00f3n de la regi\u00f3n, contenidos e informaci\u00f3n que indican que vivir en paz no s\u00f3lo es vivir ausentes de guerra, sino que significa vivir en bienestar, armon\u00eda, felicidad y con una amplia formaci\u00f3n c\u00edvica y \u00e9tica, como sociedad en donde todas y todos son capaces de resolver conflictos a partir del di\u00e1logo y la negociaci\u00f3n.<\/p>\n\n\n\n<p>\u201cEn uno de los paneles del t\u00fanel se puede apreciar la siguiente leyenda: La construcci\u00f3n y consolidaci\u00f3n de la paz no es responsabilidad solo de los gobernantes de los Estados, sino de la sociedad en su conjunto, pues cada persona contribuye a esta labor\u201d, se\u00f1al\u00f3 Castillo Pastor.<\/p>\n\n\n\n<p>Esta exposici\u00f3n se logra gracias a las gestiones que hiciera el mandatario tamaulipeco ante el Museo de la Memoria y la Tolerancia de la Ciudad de M\u00e9xico, para firmar un convenio de colaboraci\u00f3n de forma que el T\u00fanel de la Paz, forme parte de una extensi\u00f3n temporal e itinerante en Tamaulipas.<\/p>\n\n\n\n<p>La exhibici\u00f3n, muestra acciones que realizan seis dependencias estatales, como la Secretar\u00eda de Educaci\u00f3n en la entidad, la Secretar\u00eda de Turismo, el Instituto Tamaulipeco del Deporte, el Instituto Tamaulipeco de la Cultura y las Artes y el Instituto de la Mujeres.<\/p>\n\n\n\n<p>El T\u00fanel de la Paz, promueve adem\u00e1s la convivencia familiar y la pr\u00e1ctica de valores que enmarcan la Nueva Escuela Mexicana, como el humanismo, la solidaridad, la honestidad, el respeto, la justicia, la reciprocidad, la lealtad, la libertad, la equidad, la gratitud, la amistad, la bondad, la fraternidad, la generosidad, la humildad, la igualdad, la perseverancia, la prudencia, la superaci\u00f3n personal y la tolerancia, contribuyendo as\u00ed a consolidar la transformaci\u00f3n de Tamaulipas.<\/p>\n\n\n\n<p>Por \u00faltimo, la Secretaria de Educaci\u00f3n en el estado, agradeci\u00f3 a los integrantes de los sectores productivos, tur\u00edsticos, culturales, asociaciones civiles y autoridades municipales por sumarse al llamado del gobernador Am\u00e9rico Villarreal Anaya, para impulsar una sociedad colaborativa y participativa.<\/p>\n\n\n\n<p>Durante las pr\u00f3ximas 8 semanas, se estar\u00e1n presentando diversas actividades gratuitas como conferencias, la muestra fotogr\u00e1fica 200 im\u00e1genes, teatro gui\u00f1ol, el \u2018Muro de la Introspecci\u00f3n\u2019, juegos inflables, espect\u00e1culos y festivales art\u00edsticos y musicales, entre otras.<\/p>\n","protected":false},"excerpt":{"rendered":"<p>Tula, Tamaulipas.- Con la finalidad de continuar la promoci\u00f3n de actividades que sensibilicen, concienticen y ense\u00f1en la cultura de la paz entre las familias tamaulipecas, la Secretar\u00eda de Educaci\u00f3n de &hellip; <a href=\"http:\/\/revistalaneta.com.mx\/?p=9664\" class=\"more-link\">Leer m\u00e1s<\/a><\/p>\n","protected":false},"author":1,"featured_media":9663,"comment_status":"open","ping_status":"open","sticky":false,"template":"","format":"standard","meta":{"footnotes":""},"categories":[7,8],"tags":[],"class_list":["post-9664","post","type-post","status-publish","format-standard","has-post-thumbnail","hentry","category-ciudad-victoria","category-tamaulipas-sur","entry"],"_links":{"self":[{"href":"http:\/\/revistalaneta.com.mx\/index.php?rest_route=\/wp\/v2\/posts\/9664","targetHints":{"allow":["GET"]}}],"collection":[{"href":"http:\/\/revistalaneta.com.mx\/index.php?rest_route=\/wp\/v2\/posts"}],"about":[{"href":"http:\/\/revistalaneta.com.mx\/index.php?rest_route=\/wp\/v2\/types\/post"}],"author":[{"embeddable":true,"href":"http:\/\/revistalaneta.com.mx\/index.php?rest_route=\/wp\/v2\/users\/1"}],"replies":[{"embeddable":true,"href":"http:\/\/revistalaneta.com.mx\/index.php?rest_route=%2Fwp%2Fv2%2Fcomments&post=9664"}],"version-history":[{"count":1,"href":"http:\/\/revistalaneta.com.mx\/index.php?rest_route=\/wp\/v2\/posts\/9664\/revisions"}],"predecessor-version":[{"id":9665,"href":"http:\/\/revistalaneta.com.mx\/index.php?rest_route=\/wp\/v2\/posts\/9664\/revisions\/9665"}],"wp:featuredmedia":[{"embeddable":true,"href":"http:\/\/revistalaneta.com.mx\/index.php?rest_route=\/wp\/v2\/media\/9663"}],"wp:attachment":[{"href":"http:\/\/revistalaneta.com.mx\/index.php?rest_route=%2Fwp%2Fv2%2Fmedia&parent=9664"}],"wp:term":[{"taxonomy":"category","embeddable":true,"href":"http:\/\/revistalaneta.com.mx\/index.php?rest_route=%2Fwp%2Fv2%2Fcategories&post=9664"},{"taxonomy":"post_tag","embeddable":true,"href":"http:\/\/revistalaneta.com.mx\/index.php?rest_route=%2Fwp%2Fv2%2Ftags&post=9664"}],"curies":[{"name":"wp","href":"https:\/\/api.w.org\/{rel}","templated":true}]}}