{"id":970,"date":"2022-09-28T03:33:37","date_gmt":"2022-09-28T03:33:37","guid":{"rendered":"http:\/\/revistalaneta.com.mx\/?p=970"},"modified":"2022-09-28T03:34:01","modified_gmt":"2022-09-28T03:34:01","slug":"a-la-espera-del-fallo-del-tepjf","status":"publish","type":"post","link":"http:\/\/revistalaneta.com.mx\/?p=970","title":{"rendered":"A LA ESPERA DEL FALLO DEL TEPJF"},"content":{"rendered":"\n<p>Es probable que este mi\u00e9rcoles la sala superior del Tribunal Electoral del Poder Judicial de la Federaci\u00f3n emita el fallo definitivo sobre la elecci\u00f3n de Tamaulipas, tras la \u00faltima impugnaci\u00f3n presentada por el Partido Acci\u00f3n Nacional (PAN). Y digo que es probable porque oficialmente no se agend\u00f3 el tratar dicho asunto en la sesi\u00f3n que este mi\u00e9rcoles sostendr\u00e1n los magistrados electorales, y quienes van a tratar un total de 78 casos, pero en estos no incluye el caso SUP-JRC-101\/2022, que es el referente a Tamaulipas, pero hay que considerar que ellos mismos tienen la facultad de reagendar los temas, por lo que es probable se aborde de una vez el caso, y la verdad es lo mejor. Caso contrario ser\u00eda entonces el viernes. El asunto es que s\u00ed hay expectativa al respecto, por todo lo que se ha estado generando en torno al tema, y donde es claro que el gobierno estatal actual, a trav\u00e9s de su partido, el PAN, sigue presionando para echar abajo la elecci\u00f3n, mientras que los del gobierno entrante, con su partido MORENA, por su parte defienden el triunfo conseguido en las urnas. El equipo de Am\u00e9rico Villarreal Anaya tiene a su favor que el resolutivo presentado por el magistrado ponente, les favorece, y por lo regular siempre es aprobado lo que se presenta, aunque podr\u00eda darse el caso de que haya observaciones por los otros jueces, que puedan generar divisi\u00f3n en la votaci\u00f3n. Pero eso ya lo estaremos viendo.<\/p>\n\n\n\n<p>PLENO RESPALDO DE GOBERNADORES A AM\u00c9RICO<br \/>Los gobernadores de 20 estados de la Rep\u00fablica Mexicana, as\u00ed como tambi\u00e9n la Jefa de Gobierno de la Ciudad de M\u00e9xico, todos ellos emanados de la Cuarta Transformaci\u00f3n, firmaron una carta de manifestaci\u00f3n de apoyo al gobernador electo de Tamaulipas, Am\u00e9rico Villarreal Anaya, y en la cual comentaron que el proyecto de sentencia de la sala superior del Tribunal Electoral del Poder Judicial de la Federaci\u00f3n confirma la victoria leg\u00edtima y democr\u00e1tica de MORENA y desestima los argumentos absurdos con los que el PAN pretende anular el triunfo, y a la vez le pide a los magistrados actuar con rectitud y apego a derecho, sin lugar a presiones, as\u00ed como tambi\u00e9n exigen al gobierno estatal saliente que se respete la voluntad popular y cese de manera inmediata cualquier intento por obstaculizar la toma de protesta del nuevo gobierno.<\/p>\n\n\n\n<p>NINFA CANT\u00da LLEVAR\u00cdA NEOLAREDENSES A VICTORIA<br \/>La designaci\u00f3n de Ninfa Cant\u00fa De\u00e1ndar como Secretaria de Desarrollo Econ\u00f3mico, puede generar que varios neolaredenses se vayan a trabajar a Ciudad Victoria, para apoyarle a sacar adelante la encomienda que se le ha dado. Y obviamente estos ser\u00edan gente cercana a Ninfa, pero que tambi\u00e9n tendr\u00e1n que cubrir el perfil de entenderle al tema econ\u00f3mico. Por cierto que en este tenor no han faltado aquellos que critiquen el que le hayan dado dicho cargo a Ninfa Cant\u00fa, sobre todo bajo el argumento de qu\u00e9 tanto puede saber de econom\u00eda, y lamentablemente la mayor\u00eda de esos cr\u00edticos son neolaredenses, que por lo visto aplican la teor\u00eda de la cubeta de cangrejos, donde no pueden ver que alguien vaya para arriba, porque inmediatamente lo quieren bajar. Vamos a dar oportunidad a que Ninfa demuestre lo que trae en el morral, y entonces ya despu\u00e9s se le podr\u00e1 criticar, o en su caso hasta alabar.<\/p>\n\n\n\n<p>GRAN REZAGO EDUCATIVO<br \/>Todo el presente ciclo escolar, va a ser pr\u00e1cticamente utilizado para recuperar el nivel educativo que ten\u00edan antes los alumnos neolaredenses, toda vez que sigue manteniendo un gran rezago educativo, generado a ra\u00edz de la ausencia de los alumnos en las aulas, por la cuesti\u00f3n de la pandemia. Esto ha sido dado a conocer por el Jefe del Centro Regional de Desarrollo Educativo (CREDE)I, Miguel J\u00e1uregui Salazar, quien indic\u00f3 que inicialmente se pens\u00f3 que se tendr\u00eda todo el mes de septiembre como recuperaci\u00f3n para el rezago vocacional, pero pues no, resulta que los directivos escolares ya se dieron cuenta que van a emplear casi todo el presente ciclo escolar. Y s\u00ed, lamentablemente seguimos muy mal en educaci\u00f3n, y la pandemia vino a empeorar las cosas.<\/p>\n\n\n\n<p>VIENE EL \u201cMEXICANICO\u201d<br \/>Para el s\u00e1bado 8 de octubre se ha programado la celebraci\u00f3n del \u201cCar Fest NLD 2022\u201d en el cual se van a exhibir veh\u00edculos de colecci\u00f3n, y donde habr\u00e1 una gran verbena popular con comida, bebida y gran ambiente. Pero lo mejor de todo es que se va a contar con la presencia del c\u00e9lebre Mart\u00edn Vaca, del programa \u201cMexic\u00e1nicos\u201d, y quien vendr\u00e1 a compartir sus experiencias como restaurador de carros antiguos. El evento ser\u00e1 en el Centro Cultural de las cuatro de la tarde a las 11 de la noche, y la entrada es gratis. Invita la alcaldesa Carmen Lilia Canturosas Villarreal.<\/p>\n\n\n\n<p>CELEBRAN FORO PREVENTIVO DE SUICIDIOS<br \/>Un importante Primer Foro para la Prevenci\u00f3n del Suicidio se llev\u00f3 a cabo en Nuevo Laredo, y fue organizado por el Gobierno Municipal que encabeza Carmen Lilia Canturosas Villarreal, a trav\u00e9s del Instituto para la Prevenci\u00f3n de Adicciones y Conductas Antisociales de Nuevo Laredo (IMPACTA). El objetivo de este evento fue brindar herramientas e informaci\u00f3n que ayuden a atender y prevenir dicho comportamiento, as\u00ed como tambi\u00e9n acudir ante quien sepa actuar al respecto, para la ayuda competente. En el foro celebrado en Estaci\u00f3n Palabra participaron asociaciones como Manos de Mar\u00eda, IMJUVE, Colegio Mexicano de Psic\u00f3logos Neolaredenses, Centro de Salud de Nuevo Laredo, la Asociaci\u00f3n \u00c9xodo y Camino a la Vida, entre otros, que ayudan precisamente a prevenir conductas suicidas.<\/p>\n\n\n\n<p>INICIA REGISTRO DE ASPIRANTES DE NUEVO INGRESO A LA UAT<br \/>Dio arranque el proceso de admisi\u00f3n al ciclo escolar 2023-1 (primavera 2023) para quienes desean ser parte de los programas educativos que ofrece la Universidad Aut\u00f3noma de Tamaulipas en sus diferentes unidades acad\u00e9micas y facultades. Con base al calendario escolar 2022, la UAT ha puesto en marcha el procedimiento para el registro en l\u00ednea de estudiantes que participar\u00e1n en el proceso de selecci\u00f3n correspondiente al pr\u00f3ximo per\u00edodo escolar. Los interesados pueden acceder a la liga https:\/\/registroaspirantes.uat.edu.mx\/, para realizar su registro al programa educativo de su preferencia. En este tenor el calendario escolar y administrativo 2022 de la UAT marca como fechas de aplicaci\u00f3n de examen de admisi\u00f3n para el per\u00edodo primavera 2023, los d\u00edas 23 y 24 de noviembre, y la publicaci\u00f3n de resultados el 12 de diciembre.<\/p>\n\n\n\n<p>LO \u00daLTIMO<br \/>Diputados federales del Partido Acci\u00f3n Nacional (PAN) manifestaron su apoyo a C\u00e9sar Verastegui Ostos, en su intento para que se anule la elecci\u00f3n en Tamaulipas. Lo hicieron en la sede de la propia C\u00e1mara de Diputados, donde estuvieron \u201cEl Truko\u201d Verastegui y el dirigente estatal del blanquiazul, Luis Ren\u00e9 Cant\u00fa Galv\u00e1n\u2026 Este viernes s\u00ed habr\u00e1 clases en escuelas de educaci\u00f3n b\u00e1sica, pues no habr\u00e1 juntas de consejo escolar, que tradicionalmente son el \u00faltimo viernes de cada mes. Esto aplicar\u00e1 a partir del \u00faltimo viernes de octubre\u2026 Autoridades de la Secretar\u00eda de Desarrollo Econ\u00f3mico del Gobierno Municipal de Nuevo Laredo aseguran estar en pl\u00e1ticas con directivos de la empresa Viva Aerob\u00fas para lograr vuelos desde este puerto fronterizo hacia otras poblaciones, tales como Tampico y Canc\u00fan. Bueno, a ver si se logra, porque siempre se dice lo mismo\u2026 Si eres fan de Bad Bunny, no te molestes si se te considera de primaria trunca, pues la m\u00fasica es el reflejo del nivel educativo de cada quien.<\/p>\n","protected":false},"excerpt":{"rendered":"<p>Es probable que este mi\u00e9rcoles la sala superior del Tribunal Electoral del Poder Judicial de la Federaci\u00f3n emita el fallo definitivo sobre la elecci\u00f3n de Tamaulipas, tras la \u00faltima impugnaci\u00f3n &hellip; <a href=\"http:\/\/revistalaneta.com.mx\/?p=970\" class=\"more-link\">Leer m\u00e1s<\/a><\/p>\n","protected":false},"author":1,"featured_media":969,"comment_status":"open","ping_status":"open","sticky":false,"template":"","format":"standard","meta":{"footnotes":""},"categories":[2,3],"tags":[],"class_list":["post-970","post","type-post","status-publish","format-standard","has-post-thumbnail","hentry","category-chismorreo","category-opinion","entry"],"_links":{"self":[{"href":"http:\/\/revistalaneta.com.mx\/index.php?rest_route=\/wp\/v2\/posts\/970","targetHints":{"allow":["GET"]}}],"collection":[{"href":"http:\/\/revistalaneta.com.mx\/index.php?rest_route=\/wp\/v2\/posts"}],"about":[{"href":"http:\/\/revistalaneta.com.mx\/index.php?rest_route=\/wp\/v2\/types\/post"}],"author":[{"embeddable":true,"href":"http:\/\/revistalaneta.com.mx\/index.php?rest_route=\/wp\/v2\/users\/1"}],"replies":[{"embeddable":true,"href":"http:\/\/revistalaneta.com.mx\/index.php?rest_route=%2Fwp%2Fv2%2Fcomments&post=970"}],"version-history":[{"count":1,"href":"http:\/\/revistalaneta.com.mx\/index.php?rest_route=\/wp\/v2\/posts\/970\/revisions"}],"predecessor-version":[{"id":971,"href":"http:\/\/revistalaneta.com.mx\/index.php?rest_route=\/wp\/v2\/posts\/970\/revisions\/971"}],"wp:featuredmedia":[{"embeddable":true,"href":"http:\/\/revistalaneta.com.mx\/index.php?rest_route=\/wp\/v2\/media\/969"}],"wp:attachment":[{"href":"http:\/\/revistalaneta.com.mx\/index.php?rest_route=%2Fwp%2Fv2%2Fmedia&parent=970"}],"wp:term":[{"taxonomy":"category","embeddable":true,"href":"http:\/\/revistalaneta.com.mx\/index.php?rest_route=%2Fwp%2Fv2%2Fcategories&post=970"},{"taxonomy":"post_tag","embeddable":true,"href":"http:\/\/revistalaneta.com.mx\/index.php?rest_route=%2Fwp%2Fv2%2Ftags&post=970"}],"curies":[{"name":"wp","href":"https:\/\/api.w.org\/{rel}","templated":true}]}}