{"id":9730,"date":"2024-01-18T10:29:50","date_gmt":"2024-01-18T10:29:50","guid":{"rendered":"http:\/\/revistalaneta.com.mx\/?p=9730"},"modified":"2024-01-18T10:30:14","modified_gmt":"2024-01-18T10:30:14","slug":"protegen-del-frio-a-felinos-y-caninos-rescatados-en-refugio-municipal","status":"publish","type":"post","link":"http:\/\/revistalaneta.com.mx\/?p=9730","title":{"rendered":"Protegen del fr\u00edo a felinos y caninos rescatados en refugio municipal"},"content":{"rendered":"\n<p><\/p>\n\n\n\n<p>Nuevo Laredo, Tamps.- Por las bajas temperaturas que se han sentido en la ciudad el personal del Refugio de Protecci\u00f3n Animal se ha encargado de resguardar a los m\u00e1s de 50 caninos y felinos que han sido rescatados para protegerlos del fr\u00edo.<\/p>\n\n\n\n<p>Mar\u00eda Fernanda Carmona Cavazos, jefa de Salud Animal inform\u00f3 que se les colocaron su\u00e9teres, colchas y todos se encuentran dentro de sus casas. Adem\u00e1s a los gatos se les coloc\u00f3 calefacci\u00f3n y camas.<\/p>\n\n\n\n<p>De igual manera dijo que las instalaciones del refugio se encuentra techado y cerrado por lo que no pasan fr\u00edo los animalitos.<\/p>\n","protected":false},"excerpt":{"rendered":"<p>Nuevo Laredo, Tamps.- Por las bajas temperaturas que se han sentido en la ciudad el personal del Refugio de Protecci\u00f3n Animal se ha encargado de resguardar a los m\u00e1s de &hellip; <a href=\"http:\/\/revistalaneta.com.mx\/?p=9730\" class=\"more-link\">Leer m\u00e1s<\/a><\/p>\n","protected":false},"author":1,"featured_media":9729,"comment_status":"open","ping_status":"open","sticky":false,"template":"","format":"standard","meta":{"footnotes":""},"categories":[4],"tags":[],"class_list":["post-9730","post","type-post","status-publish","format-standard","has-post-thumbnail","hentry","category-nuevo-laredo","entry"],"_links":{"self":[{"href":"http:\/\/revistalaneta.com.mx\/index.php?rest_route=\/wp\/v2\/posts\/9730","targetHints":{"allow":["GET"]}}],"collection":[{"href":"http:\/\/revistalaneta.com.mx\/index.php?rest_route=\/wp\/v2\/posts"}],"about":[{"href":"http:\/\/revistalaneta.com.mx\/index.php?rest_route=\/wp\/v2\/types\/post"}],"author":[{"embeddable":true,"href":"http:\/\/revistalaneta.com.mx\/index.php?rest_route=\/wp\/v2\/users\/1"}],"replies":[{"embeddable":true,"href":"http:\/\/revistalaneta.com.mx\/index.php?rest_route=%2Fwp%2Fv2%2Fcomments&post=9730"}],"version-history":[{"count":1,"href":"http:\/\/revistalaneta.com.mx\/index.php?rest_route=\/wp\/v2\/posts\/9730\/revisions"}],"predecessor-version":[{"id":9731,"href":"http:\/\/revistalaneta.com.mx\/index.php?rest_route=\/wp\/v2\/posts\/9730\/revisions\/9731"}],"wp:featuredmedia":[{"embeddable":true,"href":"http:\/\/revistalaneta.com.mx\/index.php?rest_route=\/wp\/v2\/media\/9729"}],"wp:attachment":[{"href":"http:\/\/revistalaneta.com.mx\/index.php?rest_route=%2Fwp%2Fv2%2Fmedia&parent=9730"}],"wp:term":[{"taxonomy":"category","embeddable":true,"href":"http:\/\/revistalaneta.com.mx\/index.php?rest_route=%2Fwp%2Fv2%2Fcategories&post=9730"},{"taxonomy":"post_tag","embeddable":true,"href":"http:\/\/revistalaneta.com.mx\/index.php?rest_route=%2Fwp%2Fv2%2Ftags&post=9730"}],"curies":[{"name":"wp","href":"https:\/\/api.w.org\/{rel}","templated":true}]}}