{"id":9797,"date":"2024-01-20T13:53:15","date_gmt":"2024-01-20T13:53:15","guid":{"rendered":"http:\/\/revistalaneta.com.mx\/?p=9797"},"modified":"2024-01-20T13:53:28","modified_gmt":"2024-01-20T13:53:28","slug":"mantiene-escuela-de-musica-del-sistema-dif-registro-abierto-para-el-periodo-enero-junio","status":"publish","type":"post","link":"http:\/\/revistalaneta.com.mx\/?p=9797","title":{"rendered":"Mantiene Escuela de M\u00fasica del Sistema DIF registro abierto para el periodo enero-junio"},"content":{"rendered":"\n<p><\/p>\n\n\n\n<p>Nuevo Laredo, Tamps.- La Escuela de M\u00fasica del Sistema para el Desarrollo Integral de la Familia (DIF) de Nuevo Laredo extiende el periodo de inscripciones para el periodo enero- junio de 2024.<\/p>\n\n\n\n<p>Las clases iniciar\u00e1n el pr\u00f3ximo lunes 22 de enero, pero los estudiantes que deseen unirse pueden inscribirse durante las siguientes semanas.<\/p>\n\n\n\n<p>La oferta educativa de clases gratuitas incluye los talleres de Clarinete y Saxof\u00f3n; metales como, Trompeta, Bugle, Corno Franc\u00e9s, Tromb\u00f3n, Bar\u00edtono, Tuba; Guitarra Cl\u00e1sica Matutina; Flauta Moderna y Percusi\u00f3n Infantil entre otras clases.<\/p>\n\n\n\n<p>La edad requerida para ingresar var\u00eda seg\u00fan la materia, siendo en su mayor\u00eda un m\u00ednimo de 7 a\u00f1os.<\/p>\n\n\n\n<p>Los interesados pueden acudir en el horario de 9:30 de la ma\u00f1ana a 2 de la tarde, y de 3 a 6 de la tarde, presentando los siguientes documentos y requisitos son: copia del Acta de Nacimiento, copia del CURP, copia de comprobante de domicilio, copia de credencial INE (de padre, madre o tutor, si es menor de edad ), dos fotograf\u00edas tama\u00f1o infantil y contar con instrumento propio.<\/p>\n\n\n\n<p>La Escuela de M\u00fasica del DIF de Nuevo Laredo destaca por ser \u00fanica en Tamaulipas, ofreciendo cursos de canto y m\u00e1s de 10 diferentes instrumentos, se encuentra ubicada en Eva S\u00e1mano 1511, colonia La Fe.<\/p>\n","protected":false},"excerpt":{"rendered":"<p>Nuevo Laredo, Tamps.- La Escuela de M\u00fasica del Sistema para el Desarrollo Integral de la Familia (DIF) de Nuevo Laredo extiende el periodo de inscripciones para el periodo enero- junio &hellip; <a href=\"http:\/\/revistalaneta.com.mx\/?p=9797\" class=\"more-link\">Leer m\u00e1s<\/a><\/p>\n","protected":false},"author":1,"featured_media":9796,"comment_status":"open","ping_status":"open","sticky":false,"template":"","format":"standard","meta":{"footnotes":""},"categories":[4],"tags":[],"class_list":["post-9797","post","type-post","status-publish","format-standard","has-post-thumbnail","hentry","category-nuevo-laredo","entry"],"_links":{"self":[{"href":"http:\/\/revistalaneta.com.mx\/index.php?rest_route=\/wp\/v2\/posts\/9797","targetHints":{"allow":["GET"]}}],"collection":[{"href":"http:\/\/revistalaneta.com.mx\/index.php?rest_route=\/wp\/v2\/posts"}],"about":[{"href":"http:\/\/revistalaneta.com.mx\/index.php?rest_route=\/wp\/v2\/types\/post"}],"author":[{"embeddable":true,"href":"http:\/\/revistalaneta.com.mx\/index.php?rest_route=\/wp\/v2\/users\/1"}],"replies":[{"embeddable":true,"href":"http:\/\/revistalaneta.com.mx\/index.php?rest_route=%2Fwp%2Fv2%2Fcomments&post=9797"}],"version-history":[{"count":1,"href":"http:\/\/revistalaneta.com.mx\/index.php?rest_route=\/wp\/v2\/posts\/9797\/revisions"}],"predecessor-version":[{"id":9798,"href":"http:\/\/revistalaneta.com.mx\/index.php?rest_route=\/wp\/v2\/posts\/9797\/revisions\/9798"}],"wp:featuredmedia":[{"embeddable":true,"href":"http:\/\/revistalaneta.com.mx\/index.php?rest_route=\/wp\/v2\/media\/9796"}],"wp:attachment":[{"href":"http:\/\/revistalaneta.com.mx\/index.php?rest_route=%2Fwp%2Fv2%2Fmedia&parent=9797"}],"wp:term":[{"taxonomy":"category","embeddable":true,"href":"http:\/\/revistalaneta.com.mx\/index.php?rest_route=%2Fwp%2Fv2%2Fcategories&post=9797"},{"taxonomy":"post_tag","embeddable":true,"href":"http:\/\/revistalaneta.com.mx\/index.php?rest_route=%2Fwp%2Fv2%2Ftags&post=9797"}],"curies":[{"name":"wp","href":"https:\/\/api.w.org\/{rel}","templated":true}]}}