{"id":9826,"date":"2024-01-22T18:25:32","date_gmt":"2024-01-22T18:25:32","guid":{"rendered":"http:\/\/revistalaneta.com.mx\/?p=9826"},"modified":"2024-01-22T18:25:53","modified_gmt":"2024-01-22T18:25:53","slug":"se-sigue-metiendo-en-lios-el-ex-gobernador","status":"publish","type":"post","link":"http:\/\/revistalaneta.com.mx\/?p=9826","title":{"rendered":"SE SIGUE METIENDO EN L\u00cdOS EL EX GOBERNADOR"},"content":{"rendered":"\n<p><br>En menudo l\u00edo se vuelve a encontrar el ex gobernador Francisco Garc\u00eda Cabeza de Vaca, toda vez que ha salido a relucir que incurri\u00f3 en falsificaci\u00f3n de documentos para poder obtener una carta de residencia en su natal Reynosa. Y el que el licenciado Francisco Garza Trevi\u00f1o, Notario P\u00fablico N\u00famero 305 de Reynosa, aclar\u00f3, mediante una carta dirigida a las autoridades de dicho municipio, que el poder presentado por la representante legal del ex mandatario estatal, Margarita Rodr\u00edguez Mart\u00ednez, es falso, pues no fue elaborado en dicha notaria, tal y como se asienta en el mismo documento ap\u00f3crifo, a la vez que dijo que Garc\u00eda Cabeza de Vaca no ha acudido a su oficina a otorgar un poder a favor de un tercero. Esto pone en evidencia que el ex gobernador est\u00e1 incurriendo en delitos de falsificaci\u00f3n, por lo que puede alcanzar una condena de seis meses a 5 a\u00f1os de prisi\u00f3n.<\/p>\n\n\n\n<p>CARTA INDISPENSABLE<br \/>Y es que Francisco Garc\u00eda Cabeza de Vaca requiere de la carta de residencia para buscar la candidatura a una posici\u00f3n legislativa plurinominal, todo a fin de mantener fuero y con ello evitar cualquier acci\u00f3n en su contra, tras las diversas irregularidades cometidas durante su administraci\u00f3n estatal. Y aqu\u00ed cabe indicar que el ex mandatario estatal no tiene derecho a dicha carta de residencia, debido a que d\u00edas antes de concluir su mandato se fue a los Estados Unidos a refugiarse, ante la posibilidad de ser detenido por alguno de los tantos delitos en que ha incurrido, y desde entonces no ha regresado ni a Reynosa, ni a ning\u00fan otro lugar de Tamaulipas.<\/p>\n\n\n\n<p>MAL PARADO QUEDAR\u00cdA EL PAN<br \/>Ahora bien, la carta de residencia, que se expide teniendo un m\u00ednimo de seis meses viviendo en el municipio donde se solicita, es indispensable para registrarse como candidato, de ah\u00ed el ex gobernador que haya incurrido en irregularidades con tal de conseguirla, pero ahora se ha metido en nuevos problemas, pues puede ser denunciado y llevado a prisi\u00f3n bajo delitos de falsificaci\u00f3n de documentos. Y si en el CEN del PAN lo llegan a registrar, por el compromiso econ\u00f3mico que pueda contraer con \u00e9l, estar\u00e1n prest\u00e1ndose a una tropel\u00eda que va a dejar muy mal parado a dicho instituto pol\u00edtico. Aparte para qu\u00e9 darle a Francisco Garc\u00eda Cabeza de Vaca una candidatura, cuando de antemano se sabe que lejos de sumar va a restar al PAN, pues es por dem\u00e1s entendible que la sociedad tamaulipeca ya no quiere saber nada de \u00e9l.<\/p>\n\n\n\n<p>CULMINAN REGISTROS EN EL BLANQUIAZUL; SE APUNTARON 70<br \/>Luego de nueve d\u00edas de registros para las candidaturas a las alcald\u00edas y diputaciones locales de Tamaulipas, el Partido Acci\u00f3n Nacional (PAN) culmin\u00f3 con dichas inscripciones, en la cual participaron un total de 70 aspirantes. Entre los registros m\u00e1s sobresalientes para las alcald\u00edas destacan el de Yahleel Abdala Carmona, por Nuevo Laredo; Luis Ren\u00e9 Cant\u00fa Galv\u00e1n, por Reynosa; Leticia Salazar V\u00e1zquez, por Matamoros; Oscar Almaraz Smer, por Ciudad Victoria y No\u00e9 Ramos Ferretiz, por El Mante, que en estos casos fueron registros \u00fanicos, y es claro que los citados ser\u00e1n los candidatos oficiales. Y en el caso de Tampico se dieron dos registros, siendo estos el de Rosa Gonz\u00e1lez Azc\u00e1rraga, para muchos la amplia favorita, pero se sum\u00f3 Mon Mar\u00f3n Manzur, quien la verdad solo intenta fastidiar. Y en el caso de Madero destaca que fueron siete los inscritos, siendo estos Joaqu\u00edn Hern\u00e1ndez Correa, Carlos Fern\u00e1ndez Altamirano, Andr\u00e9s Gonz\u00e1lez Galv\u00e1n, Jes\u00fas Ernesto Guti\u00e9rrez Rodr\u00edguez, Amel Ruiz Santill\u00e1n, Jordy Eduardo Bazaldua Bazald\u00faa y Alba Alicia Ver\u00e1stegui Ostos.<\/p>\n\n\n\n<p>COMO SIEMPRE, TODO PARA LO \u00daLTIMO<br \/>Hasta el chongo estuvieron las oficinas del Instituto Nacional Electoral (INE) de Nuevo Laredo tanto el s\u00e1bado como el domingo. Y es que muchos ciudadanos, como buenos mexicanos, acudieron de \u00faltima hora a hacer cambios en sus credenciales de elector, toda vez que el plazo vence justamente este lunes, por lo que se espera que tambi\u00e9n haya mucha afluencia. \u00a1Ah!, y no faltan los que se quejan de que es muy lenta la atenci\u00f3n, cuando las autoridades tienen desde hace dos meses anunciando la fecha l\u00edmite, pero como ya se dijo, la gran mayor\u00eda deja todo para los \u00faltimos d\u00edas, y as\u00ed no se puede.<\/p>\n\n\n\n<p>AGENTES VIALES HACEN SU CHAMBA<br \/>Hay quienes siguen quej\u00e1ndose del actuar de los agentes de Tr\u00e1nsito, que ciertamente andan muy severos. Pero tambi\u00e9n hay que considerar que detienen a conductores que incurren en irregularidades al conducir, pues lamentablemente muchos siguen haciendo lo que les viene en gana, pas\u00e1ndose luces rojas, no haciendo altos totales en las se\u00f1ales de disco, dando vuelta en \u201cU\u201d donde no se puede, subi\u00e9ndose a las banquetas, rebasando sin precauci\u00f3n, circulando a exceso de velocidad, sin luces, y sobre todo no trayendo el cintur\u00f3n de seguridad puesto, por lo que as\u00ed como carajos no quieren que los detengan para infraccionarlos, pues representan un riesgo para los dem\u00e1s. As\u00ed que si les vale gorro el manejar debidamente, entonces no se quejen de que los paren los agentes viales y los sancionen, porque no hacen m\u00e1s que cumplir con su trabajo, y sobre todo salvar vidas. Porque lamentablemente hasta que la gente no es sancionada, entiende que debe manejar como es debido.<\/p>\n\n\n\n<p>RECTOR DE LA UAT SIGUE CON SU GIRA DE TRABAJO<br \/>Sigue el Rector de la Universidad Aut\u00f3noma de Tamaulipas (UAT), D\u00e1maso Anaya Alvarado, con su recorrido por los diferentes centros escolares que la m\u00e1xima casa de estudios tiene en la entidad, bajo el firme prop\u00f3sito de fortalecer la cercan\u00eda con la comunidad universitaria, escuchar sus necesidades y conocer las fortalezas que pueden aportar al desarrollo institucional y del estado. Y es que en este sentido Anaya Alvarado se ha echado a cuestas el compromiso de fortalecer la formaci\u00f3n de los j\u00f3venes con una visi\u00f3n human\u00edstica y m\u00e1s sensible a las necesidades de la sociedad. Es por eso que est\u00e1 trabajando en vincular importantes programas de estudio con el desarrollo del estado, desde la perspectiva humanista, por lo que en breve se empezar\u00e1n a notar los cambios en la UAT, tras las visitas que se hacen a las diversas instituciones acad\u00e9micas.<\/p>\n\n\n\n<p>LO \u00daLTIMO<br \/>Un notorio avance lleva la construcci\u00f3n del puente vehicular de Calzada de los H\u00e9roes y Eva Samano. Al paso que se es probable que se termine antes del tiempo estipulado\u2026 En entrevista el ex dirigente estatal del Partido Revolucionario Institucional (PRI), Ramiro Ramos Salinas dio ser disciplinado y aceptar la decisi\u00f3n de los l\u00edderes del tricolor de llevar como candidato al senado al tampique\u00f1o Arturo N\u00fa\u00f1ez Ruiz. No obstante, dej\u00f3 entrever no estar de acuerdo con que el Partido Acci\u00f3n Nacional (PAN) haya \u201cagandallado\u201d la mayor\u00eda de las posiciones dentro de la coalici\u00f3n con el tricolor\u2026 Se vienen m\u00e1s sorpresas al interior del Movimiento Ciudadano (MC) de Nuevo Laredo\u2026 Y para finalizar una frase que viene muy adoc a los pr\u00f3ximos tiempos pol\u00edticos. &#8220;Se enga\u00f1a quien cree que grandes recompensas hacen olvidar a los grandes hombres las viejas injusticias de las que han sido v\u00edctimas&#8221;: Nicolas Maquiavelo.<\/p>\n","protected":false},"excerpt":{"rendered":"<p>En menudo l\u00edo se vuelve a encontrar el ex gobernador Francisco Garc\u00eda Cabeza de Vaca, toda vez que ha salido a relucir que incurri\u00f3 en falsificaci\u00f3n de documentos para poder &hellip; <a href=\"http:\/\/revistalaneta.com.mx\/?p=9826\" class=\"more-link\">Leer m\u00e1s<\/a><\/p>\n","protected":false},"author":1,"featured_media":9825,"comment_status":"open","ping_status":"open","sticky":false,"template":"","format":"standard","meta":{"footnotes":""},"categories":[2,3],"tags":[],"class_list":["post-9826","post","type-post","status-publish","format-standard","has-post-thumbnail","hentry","category-chismorreo","category-opinion","entry"],"_links":{"self":[{"href":"http:\/\/revistalaneta.com.mx\/index.php?rest_route=\/wp\/v2\/posts\/9826","targetHints":{"allow":["GET"]}}],"collection":[{"href":"http:\/\/revistalaneta.com.mx\/index.php?rest_route=\/wp\/v2\/posts"}],"about":[{"href":"http:\/\/revistalaneta.com.mx\/index.php?rest_route=\/wp\/v2\/types\/post"}],"author":[{"embeddable":true,"href":"http:\/\/revistalaneta.com.mx\/index.php?rest_route=\/wp\/v2\/users\/1"}],"replies":[{"embeddable":true,"href":"http:\/\/revistalaneta.com.mx\/index.php?rest_route=%2Fwp%2Fv2%2Fcomments&post=9826"}],"version-history":[{"count":1,"href":"http:\/\/revistalaneta.com.mx\/index.php?rest_route=\/wp\/v2\/posts\/9826\/revisions"}],"predecessor-version":[{"id":9827,"href":"http:\/\/revistalaneta.com.mx\/index.php?rest_route=\/wp\/v2\/posts\/9826\/revisions\/9827"}],"wp:featuredmedia":[{"embeddable":true,"href":"http:\/\/revistalaneta.com.mx\/index.php?rest_route=\/wp\/v2\/media\/9825"}],"wp:attachment":[{"href":"http:\/\/revistalaneta.com.mx\/index.php?rest_route=%2Fwp%2Fv2%2Fmedia&parent=9826"}],"wp:term":[{"taxonomy":"category","embeddable":true,"href":"http:\/\/revistalaneta.com.mx\/index.php?rest_route=%2Fwp%2Fv2%2Fcategories&post=9826"},{"taxonomy":"post_tag","embeddable":true,"href":"http:\/\/revistalaneta.com.mx\/index.php?rest_route=%2Fwp%2Fv2%2Ftags&post=9826"}],"curies":[{"name":"wp","href":"https:\/\/api.w.org\/{rel}","templated":true}]}}